{"id":11315,"date":"2025-03-08T11:01:10","date_gmt":"2025-03-08T10:01:10","guid":{"rendered":"https:\/\/agora.xtec.cat\/ceip-fontfreda\/?p=11315"},"modified":"2025-03-08T11:01:10","modified_gmt":"2025-03-08T10:01:10","slug":"ritme-per-la-igualtat","status":"publish","type":"post","link":"https:\/\/agora.xtec.cat\/ceip-fontfreda\/general\/ritme-per-la-igualtat\/","title":{"rendered":"Ritme per la igualtat!"},"content":{"rendered":"<p data-start=\"36\" data-end=\"321\">A l\u2019escola hem commemorat el <em data-start=\"65\" data-end=\"95\">Dia Internacional de la Dona<\/em> amb m\u00fasica i moviment! Els nostres alumnes han treballat una percussi\u00f3 corporal amb les especialistes de m\u00fasica de l&#8217;escola amb la can\u00e7\u00f3 <em data-start=\"189\" data-end=\"206\">Un m\u00f3n m\u00e9s real<\/em> de La Clika, transmetent a trav\u00e9s del ritme un missatge de for\u00e7a i esperan\u00e7a per un futur m\u00e9s just i igualitari.<\/p>\n<p data-start=\"323\" data-end=\"535\">Amb aquesta activitat, hem volgut reflexionar sobre la import\u00e0ncia de la igualtat i reivindicar, amb el llenguatge universal de la m\u00fasica, que totes i tots tenim un paper en la construcci\u00f3 d\u2019un m\u00f3n millor. \ud83c\udf0d\ud83d\udcaa<\/p>\n<p data-start=\"537\" data-end=\"620\">\ud83d\udcf8 Aqu\u00ed podeu veure el v\u00eddeo i les fotos d\u2019aquesta experi\u00e8ncia tan especial! \ud83d\udc47<\/p>\n<p data-start=\"537\" data-end=\"620\"><a href=\"https:\/\/drive.google.com\/drive\/folders\/1JIfmSYa1iGeEpgCqi5u4rR7h9C9yaC2-?usp=sharing\">ENLLA\u00c7<\/a><\/p>\n<p data-start=\"622\" data-end=\"700\" data-is-last-node=\"\" data-is-only-node=\"\">#8M #DiaDeLaDona #UnM\u00f3nM\u00e9sReal #Igualtat #Percussi\u00f3Corporal #FemM\u00fasica #Escola<\/p>\n","protected":false},"excerpt":{"rendered":"<p>A l\u2019escola hem commemorat el Dia Internacional de la Dona amb m\u00fasica i moviment! Els nostres alumnes han treballat una percussi\u00f3 corporal amb les especialistes de m\u00fasica de l&#8217;escola amb la can\u00e7\u00f3 Un m\u00f3n m\u00e9s real de La Clika, transmetent a trav\u00e9s del ritme un&hellip;  <a href=\"https:\/\/agora.xtec.cat\/ceip-fontfreda\/general\/ritme-per-la-igualtat\/\" title=\"Read Ritme per la igualtat!\">Llegeix m\u00e9s\u00bb<\/a><\/p>\n","protected":false},"author":13,"featured_media":11316,"comment_status":"open","ping_status":"closed","sticky":false,"template":"","format":"standard","meta":{"_bbp_topic_count":0,"_bbp_reply_count":0,"_bbp_total_topic_count":0,"_bbp_total_reply_count":0,"_bbp_voice_count":0,"_bbp_anonymous_reply_count":0,"_bbp_topic_count_hidden":0,"_bbp_reply_count_hidden":0,"_bbp_forum_subforum_count":0,"footnotes":""},"categories":[73,1,2,75,4,5],"tags":[],"class_list":["post-11315","post","type-post","status-publish","format-standard","has-post-thumbnail","hentry","category-especialitats","category-general","category-infantil","category-mus","category-portada","category-primaria"],"post_mailing_queue_ids":[],"_links":{"self":[{"href":"https:\/\/agora.xtec.cat\/ceip-fontfreda\/wp-json\/wp\/v2\/posts\/11315","targetHints":{"allow":["GET"]}}],"collection":[{"href":"https:\/\/agora.xtec.cat\/ceip-fontfreda\/wp-json\/wp\/v2\/posts"}],"about":[{"href":"https:\/\/agora.xtec.cat\/ceip-fontfreda\/wp-json\/wp\/v2\/types\/post"}],"author":[{"embeddable":true,"href":"https:\/\/agora.xtec.cat\/ceip-fontfreda\/wp-json\/wp\/v2\/users\/13"}],"replies":[{"embeddable":true,"href":"https:\/\/agora.xtec.cat\/ceip-fontfreda\/wp-json\/wp\/v2\/comments?post=11315"}],"version-history":[{"count":1,"href":"https:\/\/agora.xtec.cat\/ceip-fontfreda\/wp-json\/wp\/v2\/posts\/11315\/revisions"}],"predecessor-version":[{"id":11317,"href":"https:\/\/agora.xtec.cat\/ceip-fontfreda\/wp-json\/wp\/v2\/posts\/11315\/revisions\/11317"}],"wp:featuredmedia":[{"embeddable":true,"href":"https:\/\/agora.xtec.cat\/ceip-fontfreda\/wp-json\/wp\/v2\/media\/11316"}],"wp:attachment":[{"href":"https:\/\/agora.xtec.cat\/ceip-fontfreda\/wp-json\/wp\/v2\/media?parent=11315"}],"wp:term":[{"taxonomy":"category","embeddable":true,"href":"https:\/\/agora.xtec.cat\/ceip-fontfreda\/wp-json\/wp\/v2\/categories?post=11315"},{"taxonomy":"post_tag","embeddable":true,"href":"https:\/\/agora.xtec.cat\/ceip-fontfreda\/wp-json\/wp\/v2\/tags?post=11315"}],"curies":[{"name":"wp","href":"https:\/\/api.w.org\/{rel}","templated":true}]}}