{"id":11313,"date":"2025-03-08T10:10:01","date_gmt":"2025-03-08T09:10:01","guid":{"rendered":"https:\/\/agora.xtec.cat\/ceip-fontfreda\/?p=11313"},"modified":"2025-03-08T10:10:01","modified_gmt":"2025-03-08T09:10:01","slug":"rua-de-carnaval-3","status":"publish","type":"post","link":"https:\/\/agora.xtec.cat\/ceip-fontfreda\/general\/rua-de-carnaval-3\/","title":{"rendered":"RUA DE CARNAVAL"},"content":{"rendered":"<p data-start=\"135\" data-end=\"501\">El divendres 28 de febrer l\u2019escola es va convertir en un aut\u00e8ntic plat\u00f3 de dibuixos animats! Per celebrar els <strong data-start=\"245\" data-end=\"268\">50 anys de l\u2019escola<\/strong>, l\u2019alumnat va desfilar disfressat de personatges de diferents d\u00e8cades, fent un viatge per la hist\u00f2ria de l\u2019animaci\u00f3. Des dels cl\u00e0ssics de fa d\u00e8cades fins als m\u00e9s actuals, el pati es va omplir de color, alegria i molta creativitat.<\/p>\n<p data-start=\"503\" data-end=\"713\">Un gran agra\u00efment a totes les <strong data-start=\"533\" data-end=\"587\">fam\u00edlies que ens han ajudat a crear les disfresses<\/strong> i a les que ens van acompanyar en aquest dia tan especial. La vostra col\u00b7laboraci\u00f3 ha estat clau perqu\u00e8 la rua fos un \u00e8xit!<\/p>\n<p data-start=\"715\" data-end=\"797\">Ha estat un Carnaval inoblidable! Fins l\u2019any que ve, Senyor Carnestoltes!<\/p>\n<p data-start=\"715\" data-end=\"797\">Aqu\u00ed us deixem l&#8217;enlla\u00e7 a la <a href=\"https:\/\/drive.google.com\/drive\/folders\/1hTwmhk1dwpTopOlkgSArLN8aqinRYtlC?usp=sharing\">galeria de fotos<\/a> i un petit video resum de la cercavila.<\/p>\n<p data-start=\"715\" data-end=\"797\"><iframe loading=\"lazy\" title=\"YouTube video player\" src=\"\/\/www.youtube.com\/embed\/iSKk9zonooA?si=UWLIfp20IfnZNc8t\" width=\"560\" height=\"315\" frameborder=\"0\" allowfullscreen=\"allowfullscreen\"><\/iframe><\/p>\n","protected":false},"excerpt":{"rendered":"<p>El divendres 28 de febrer l\u2019escola es va convertir en un aut\u00e8ntic plat\u00f3 de dibuixos animats! Per celebrar els 50 anys de l\u2019escola, l\u2019alumnat va desfilar disfressat de personatges de diferents d\u00e8cades, fent un viatge per la hist\u00f2ria de l\u2019animaci\u00f3. Des dels cl\u00e0ssics de fa&hellip;  <a href=\"https:\/\/agora.xtec.cat\/ceip-fontfreda\/general\/rua-de-carnaval-3\/\" title=\"Read RUA DE CARNAVAL\">Llegeix m\u00e9s\u00bb<\/a><\/p>\n","protected":false},"author":13,"featured_media":11311,"comment_status":"open","ping_status":"closed","sticky":false,"template":"","format":"standard","meta":{"_bbp_topic_count":0,"_bbp_reply_count":0,"_bbp_total_topic_count":0,"_bbp_total_reply_count":0,"_bbp_voice_count":0,"_bbp_anonymous_reply_count":0,"_bbp_topic_count_hidden":0,"_bbp_reply_count_hidden":0,"_bbp_forum_subforum_count":0,"footnotes":""},"categories":[1,2,4,5],"tags":[96],"class_list":["post-11313","post","type-post","status-publish","format-standard","has-post-thumbnail","hentry","category-general","category-infantil","category-portada","category-primaria","tag-carnaval"],"post_mailing_queue_ids":[],"_links":{"self":[{"href":"https:\/\/agora.xtec.cat\/ceip-fontfreda\/wp-json\/wp\/v2\/posts\/11313","targetHints":{"allow":["GET"]}}],"collection":[{"href":"https:\/\/agora.xtec.cat\/ceip-fontfreda\/wp-json\/wp\/v2\/posts"}],"about":[{"href":"https:\/\/agora.xtec.cat\/ceip-fontfreda\/wp-json\/wp\/v2\/types\/post"}],"author":[{"embeddable":true,"href":"https:\/\/agora.xtec.cat\/ceip-fontfreda\/wp-json\/wp\/v2\/users\/13"}],"replies":[{"embeddable":true,"href":"https:\/\/agora.xtec.cat\/ceip-fontfreda\/wp-json\/wp\/v2\/comments?post=11313"}],"version-history":[{"count":1,"href":"https:\/\/agora.xtec.cat\/ceip-fontfreda\/wp-json\/wp\/v2\/posts\/11313\/revisions"}],"predecessor-version":[{"id":11314,"href":"https:\/\/agora.xtec.cat\/ceip-fontfreda\/wp-json\/wp\/v2\/posts\/11313\/revisions\/11314"}],"wp:featuredmedia":[{"embeddable":true,"href":"https:\/\/agora.xtec.cat\/ceip-fontfreda\/wp-json\/wp\/v2\/media\/11311"}],"wp:attachment":[{"href":"https:\/\/agora.xtec.cat\/ceip-fontfreda\/wp-json\/wp\/v2\/media?parent=11313"}],"wp:term":[{"taxonomy":"category","embeddable":true,"href":"https:\/\/agora.xtec.cat\/ceip-fontfreda\/wp-json\/wp\/v2\/categories?post=11313"},{"taxonomy":"post_tag","embeddable":true,"href":"https:\/\/agora.xtec.cat\/ceip-fontfreda\/wp-json\/wp\/v2\/tags?post=11313"}],"curies":[{"name":"wp","href":"https:\/\/api.w.org\/{rel}","templated":true}]}}