{"id":11310,"date":"2025-03-04T22:32:33","date_gmt":"2025-03-04T21:32:33","guid":{"rendered":"https:\/\/agora.xtec.cat\/ceip-fontfreda\/?p=11310"},"modified":"2025-03-09T10:00:57","modified_gmt":"2025-03-09T09:00:57","slug":"rebuda-del-senyor-carnestoltes","status":"publish","type":"post","link":"https:\/\/agora.xtec.cat\/ceip-fontfreda\/general\/rebuda-del-senyor-carnestoltes\/","title":{"rendered":"REBUDA DEL SENYOR CARNESTOLTES!"},"content":{"rendered":"<p data-start=\"54\" data-end=\"97\"><strong data-start=\"57\" data-end=\"95\">Benvingut, Senyor Carnestoltes!\u00a0<\/strong><\/p>\n<p data-start=\"99\" data-end=\"392\">El divendres 21 de febrer l\u2019escola es va omplir de festa i colors per rebre el rei de la disbauxa! Els alumnes de cinqu\u00e8 van llegir el <strong data-start=\"237\" data-end=\"262\">preg\u00f3 de Carnestoltes<\/strong>, fent-nos riure amb els seus versos enginyosos i anunciant les consignes esbojarrades que marquen aquesta setmana tan especial.<\/p>\n<p data-start=\"394\" data-end=\"627\">I com no podia ser d\u2019altra manera, els de quart van fer la tradicional <strong data-start=\"465\" data-end=\"476\">batucada! <\/strong>M\u00fasica, moviment i moltes ganes de passar-ho b\u00e9 van omplir el gimn\u00e0s.<\/p>\n<p data-start=\"629\" data-end=\"748\">Aix\u00f2 nom\u00e9s era el tret de sortida! Ara toca gaudir d\u2019una setmana plena de sorpreses, disfresses i molta gresca!<\/p>\n<p data-start=\"629\" data-end=\"748\"><iframe loading=\"lazy\" title=\"YouTube video player\" src=\"\/\/www.youtube.com\/embed\/hj3-3e1KQWY?si=i8Q2VjmhTq01FCiH\" width=\"560\" height=\"315\" frameborder=\"0\" allowfullscreen=\"allowfullscreen\"><\/iframe><\/p>\n<p data-start=\"629\" data-end=\"748\"><iframe loading=\"lazy\" title=\"YouTube video player\" src=\"\/\/www.youtube.com\/embed\/evlKper2YPE?si=7rIza0aUgzcTZ0Rz\" width=\"560\" height=\"315\" frameborder=\"0\" allowfullscreen=\"allowfullscreen\"><\/iframe><\/p>\n<p data-start=\"629\" data-end=\"748\">\n<p data-start=\"629\" data-end=\"748\"><a href=\"https:\/\/drive.google.com\/drive\/folders\/12woCJzOKSK-snJx0vubhuECIaC4H_P-0?usp=sharing\">ENLLA\u00c7 A LA GALERIA DE FOTOS<\/a><\/p>\n","protected":false},"excerpt":{"rendered":"<p>Benvingut, Senyor Carnestoltes!\u00a0<br \/>\nEl divendres 21 de febrer l\u2019escola es va omplir de festa i colors per rebre el rei de la disbauxa! Els alumnes de cinqu\u00e8 van llegir el preg\u00f3 de Carnestoltes, fent-nos riure amb els seus versos enginyosos i anunciant les consignes esbojarrades que&hellip;  <a href=\"https:\/\/agora.xtec.cat\/ceip-fontfreda\/general\/rebuda-del-senyor-carnestoltes\/\" title=\"Read REBUDA DEL SENYOR CARNESTOLTES!\">Llegeix m\u00e9s\u00bb<\/a><\/p>\n","protected":false},"author":13,"featured_media":11311,"comment_status":"open","ping_status":"closed","sticky":false,"template":"","format":"standard","meta":{"_bbp_topic_count":0,"_bbp_reply_count":0,"_bbp_total_topic_count":0,"_bbp_total_reply_count":0,"_bbp_voice_count":0,"_bbp_anonymous_reply_count":0,"_bbp_topic_count_hidden":0,"_bbp_reply_count_hidden":0,"_bbp_forum_subforum_count":0,"footnotes":""},"categories":[13,14,1,75,4,5],"tags":[165,96,166],"class_list":["post-11310","post","type-post","status-publish","format-standard","has-post-thumbnail","hentry","category-4t","category-5e","category-general","category-mus","category-portada","category-primaria","tag-batucada","tag-carnaval","tag-prego"],"post_mailing_queue_ids":[],"_links":{"self":[{"href":"https:\/\/agora.xtec.cat\/ceip-fontfreda\/wp-json\/wp\/v2\/posts\/11310","targetHints":{"allow":["GET"]}}],"collection":[{"href":"https:\/\/agora.xtec.cat\/ceip-fontfreda\/wp-json\/wp\/v2\/posts"}],"about":[{"href":"https:\/\/agora.xtec.cat\/ceip-fontfreda\/wp-json\/wp\/v2\/types\/post"}],"author":[{"embeddable":true,"href":"https:\/\/agora.xtec.cat\/ceip-fontfreda\/wp-json\/wp\/v2\/users\/13"}],"replies":[{"embeddable":true,"href":"https:\/\/agora.xtec.cat\/ceip-fontfreda\/wp-json\/wp\/v2\/comments?post=11310"}],"version-history":[{"count":2,"href":"https:\/\/agora.xtec.cat\/ceip-fontfreda\/wp-json\/wp\/v2\/posts\/11310\/revisions"}],"predecessor-version":[{"id":11322,"href":"https:\/\/agora.xtec.cat\/ceip-fontfreda\/wp-json\/wp\/v2\/posts\/11310\/revisions\/11322"}],"wp:featuredmedia":[{"embeddable":true,"href":"https:\/\/agora.xtec.cat\/ceip-fontfreda\/wp-json\/wp\/v2\/media\/11311"}],"wp:attachment":[{"href":"https:\/\/agora.xtec.cat\/ceip-fontfreda\/wp-json\/wp\/v2\/media?parent=11310"}],"wp:term":[{"taxonomy":"category","embeddable":true,"href":"https:\/\/agora.xtec.cat\/ceip-fontfreda\/wp-json\/wp\/v2\/categories?post=11310"},{"taxonomy":"post_tag","embeddable":true,"href":"https:\/\/agora.xtec.cat\/ceip-fontfreda\/wp-json\/wp\/v2\/tags?post=11310"}],"curies":[{"name":"wp","href":"https:\/\/api.w.org\/{rel}","templated":true}]}}