{"id":11308,"date":"2025-03-12T13:28:25","date_gmt":"2025-03-12T12:28:25","guid":{"rendered":"https:\/\/agora.xtec.cat\/ceip-fontfreda\/?p=11308"},"modified":"2025-03-12T13:29:44","modified_gmt":"2025-03-12T12:29:44","slug":"setmana-cultural-3","status":"publish","type":"post","link":"https:\/\/agora.xtec.cat\/ceip-fontfreda\/general\/setmana-cultural-3\/","title":{"rendered":"SETMANA CULTURAL"},"content":{"rendered":"<p style=\"text-align: center\"><strong>Una Setmana Cultural plena d&#8217;aprenentatge, creativitat i emoci\u00f3!<\/strong><\/p>\n<p>A l&#8217;escola, ens encanta aprendre d&#8217;una manera vivencial i significativa, i al llarg de la setmana, tot l&#8217;alumnat ha tingut l&#8217;oportunitat d&#8217;explorar diferents \u00e0mbits, des de la m\u00fasica fins a la literatura, passant per la creativitat i la tradici\u00f3. A trav\u00e9s de tallers vivencials, hem potenciat valors com la cooperaci\u00f3, la imaginaci\u00f3 i el sentiment de pertinen\u00e7a al tema de l&#8217;escola.<\/p>\n<p>Durant la setmana, tota la escola ha realitzat tallers com:<\/p>\n<ul>\n<li>Cuina<\/li>\n<li>Storytelling<\/li>\n<li>Expressi\u00f3 escrita<\/li>\n<li>Photocall<\/li>\n<li>Jocs tradicionals<\/li>\n<li>L&#8217;himne de l&#8217;escola<\/li>\n<li>La c\u00e0psula del temps<\/li>\n<li>La revista digital<\/li>\n<\/ul>\n<p>Aqu\u00ed us deixem l&#8217;enlla\u00e7 per poder visualitzar cada taller:<\/p>\n<p><a href=\"https:\/\/drive.google.com\/drive\/u\/1\/folders\/1vUWeuJ6bS4Eaqg_NW_gI6ArRmja9xvd8\">Setmana cultural<\/a><\/p>\n<p><strong>Un \u00e8xit gr\u00e0cies a tothom!<\/strong><\/p>\n","protected":false},"excerpt":{"rendered":"<p>Una Setmana Cultural plena d&#8217;aprenentatge, creativitat i emoci\u00f3!<br \/>\nA l&#8217;escola, ens encanta aprendre d&#8217;una manera vivencial i significativa, i al llarg de la setmana, tot l&#8217;alumnat ha tingut l&#8217;oportunitat d&#8217;explorar diferents \u00e0mbits, des de la m\u00fasica fins a la literatura, passant per la creativitat i la&hellip;  <a href=\"https:\/\/agora.xtec.cat\/ceip-fontfreda\/general\/setmana-cultural-3\/\" title=\"Read SETMANA CULTURAL\">Llegeix m\u00e9s\u00bb<\/a><\/p>\n","protected":false},"author":37,"featured_media":11335,"comment_status":"open","ping_status":"closed","sticky":false,"template":"","format":"standard","meta":{"_bbp_topic_count":0,"_bbp_reply_count":0,"_bbp_total_topic_count":0,"_bbp_total_reply_count":0,"_bbp_voice_count":0,"_bbp_anonymous_reply_count":0,"_bbp_topic_count_hidden":0,"_bbp_reply_count_hidden":0,"_bbp_forum_subforum_count":0,"footnotes":""},"categories":[1,4],"tags":[],"class_list":["post-11308","post","type-post","status-publish","format-standard","has-post-thumbnail","hentry","category-general","category-portada"],"post_mailing_queue_ids":[],"_links":{"self":[{"href":"https:\/\/agora.xtec.cat\/ceip-fontfreda\/wp-json\/wp\/v2\/posts\/11308","targetHints":{"allow":["GET"]}}],"collection":[{"href":"https:\/\/agora.xtec.cat\/ceip-fontfreda\/wp-json\/wp\/v2\/posts"}],"about":[{"href":"https:\/\/agora.xtec.cat\/ceip-fontfreda\/wp-json\/wp\/v2\/types\/post"}],"author":[{"embeddable":true,"href":"https:\/\/agora.xtec.cat\/ceip-fontfreda\/wp-json\/wp\/v2\/users\/37"}],"replies":[{"embeddable":true,"href":"https:\/\/agora.xtec.cat\/ceip-fontfreda\/wp-json\/wp\/v2\/comments?post=11308"}],"version-history":[{"count":2,"href":"https:\/\/agora.xtec.cat\/ceip-fontfreda\/wp-json\/wp\/v2\/posts\/11308\/revisions"}],"predecessor-version":[{"id":11336,"href":"https:\/\/agora.xtec.cat\/ceip-fontfreda\/wp-json\/wp\/v2\/posts\/11308\/revisions\/11336"}],"wp:featuredmedia":[{"embeddable":true,"href":"https:\/\/agora.xtec.cat\/ceip-fontfreda\/wp-json\/wp\/v2\/media\/11335"}],"wp:attachment":[{"href":"https:\/\/agora.xtec.cat\/ceip-fontfreda\/wp-json\/wp\/v2\/media?parent=11308"}],"wp:term":[{"taxonomy":"category","embeddable":true,"href":"https:\/\/agora.xtec.cat\/ceip-fontfreda\/wp-json\/wp\/v2\/categories?post=11308"},{"taxonomy":"post_tag","embeddable":true,"href":"https:\/\/agora.xtec.cat\/ceip-fontfreda\/wp-json\/wp\/v2\/tags?post=11308"}],"curies":[{"name":"wp","href":"https:\/\/api.w.org\/{rel}","templated":true}]}}