{"id":11289,"date":"2025-02-24T09:12:59","date_gmt":"2025-02-24T08:12:59","guid":{"rendered":"https:\/\/agora.xtec.cat\/ceip-fontfreda\/?p=11289"},"modified":"2025-02-26T18:21:57","modified_gmt":"2025-02-26T17:21:57","slug":"paradeta-de-sant-jordi-3","status":"publish","type":"post","link":"https:\/\/agora.xtec.cat\/ceip-fontfreda\/general\/paradeta-de-sant-jordi-3\/","title":{"rendered":"Paradeta de Sant Jordi"},"content":{"rendered":"<p>EL proper dia 23 d&#8217;Abril l&#8217;alumnat de 6\u00e8 tindr\u00e0 montada a l&#8217;escola i al carrer Major una paradeta. Podreu trobar material realitzat per l&#8217;alumnat i Roses naturals.<br \/>\nNo perdeu l&#8217;oportunitat de venir a visitar-nos. Us hi esperem!<\/p>\n<p>La confian\u00e7a en un prove\u00efdor de roses \u00e9s essencial per garantir que cada flor llueixi perfecta per Sant Jordi. Aquest any, hem tornat a comptar amb <a href=\"https:\/\/www.rosessantjordi.com\/ca\">Roses Sant Jordi<\/a>, experts en la distribuci\u00f3 a l&#8217;engr\u00f2s de roses. Gr\u00e0cies al seu professionalisme (son <a href=\"https:\/\/www.mayoristaderosas.com\/\">majoristes de roses<\/a>), les nostres roses seran les protagonistes d&#8217;aquesta celebraci\u00f3.<\/p>\n<p><img loading=\"lazy\" decoding=\"async\" class=\"wp-image-11295 alignleft\" src=\"https:\/\/agora.xtec.cat\/ceip-fontfreda\/wp-content\/uploads\/usu813\/2025\/02\/IMG_3934-scaled-e1740590489281.jpg\" alt=\"\" width=\"213\" height=\"284\" srcset=\"https:\/\/agora.xtec.cat\/ceip-fontfreda\/wp-content\/uploads\/usu813\/2025\/02\/IMG_3934-scaled-e1740590489281.jpg 1920w, https:\/\/agora.xtec.cat\/ceip-fontfreda\/wp-content\/uploads\/usu813\/2025\/02\/IMG_3934-scaled-e1740590489281-225x300.jpg 225w, https:\/\/agora.xtec.cat\/ceip-fontfreda\/wp-content\/uploads\/usu813\/2025\/02\/IMG_3934-scaled-e1740590489281-768x1024.jpg 768w, https:\/\/agora.xtec.cat\/ceip-fontfreda\/wp-content\/uploads\/usu813\/2025\/02\/IMG_3934-scaled-e1740590489281-1152x1536.jpg 1152w, https:\/\/agora.xtec.cat\/ceip-fontfreda\/wp-content\/uploads\/usu813\/2025\/02\/IMG_3934-scaled-e1740590489281-1536x2048.jpg 1536w\" sizes=\"auto, (max-width: 213px) 100vw, 213px\" \/><\/p>\n<p><img loading=\"lazy\" decoding=\"async\" class=\"wp-image-11293 alignleft\" src=\"https:\/\/agora.xtec.cat\/ceip-fontfreda\/wp-content\/uploads\/usu813\/2025\/02\/IMG_6727-scaled-e1740590279942.jpg\" alt=\"\" width=\"215\" height=\"286\" srcset=\"https:\/\/agora.xtec.cat\/ceip-fontfreda\/wp-content\/uploads\/usu813\/2025\/02\/IMG_6727-scaled-e1740590279942.jpg 1920w, https:\/\/agora.xtec.cat\/ceip-fontfreda\/wp-content\/uploads\/usu813\/2025\/02\/IMG_6727-scaled-e1740590279942-225x300.jpg 225w, https:\/\/agora.xtec.cat\/ceip-fontfreda\/wp-content\/uploads\/usu813\/2025\/02\/IMG_6727-scaled-e1740590279942-768x1024.jpg 768w, https:\/\/agora.xtec.cat\/ceip-fontfreda\/wp-content\/uploads\/usu813\/2025\/02\/IMG_6727-scaled-e1740590279942-1152x1536.jpg 1152w, https:\/\/agora.xtec.cat\/ceip-fontfreda\/wp-content\/uploads\/usu813\/2025\/02\/IMG_6727-scaled-e1740590279942-1536x2048.jpg 1536w\" sizes=\"auto, (max-width: 215px) 100vw, 215px\" \/> <img loading=\"lazy\" decoding=\"async\" class=\"wp-image-11292 alignleft\" src=\"https:\/\/agora.xtec.cat\/ceip-fontfreda\/wp-content\/uploads\/usu813\/2025\/02\/IMG_6724-scaled-e1740590329686.jpg\" alt=\"\" width=\"215\" height=\"287\" srcset=\"https:\/\/agora.xtec.cat\/ceip-fontfreda\/wp-content\/uploads\/usu813\/2025\/02\/IMG_6724-scaled-e1740590329686.jpg 1920w, https:\/\/agora.xtec.cat\/ceip-fontfreda\/wp-content\/uploads\/usu813\/2025\/02\/IMG_6724-scaled-e1740590329686-225x300.jpg 225w, https:\/\/agora.xtec.cat\/ceip-fontfreda\/wp-content\/uploads\/usu813\/2025\/02\/IMG_6724-scaled-e1740590329686-768x1024.jpg 768w, https:\/\/agora.xtec.cat\/ceip-fontfreda\/wp-content\/uploads\/usu813\/2025\/02\/IMG_6724-scaled-e1740590329686-1152x1536.jpg 1152w, https:\/\/agora.xtec.cat\/ceip-fontfreda\/wp-content\/uploads\/usu813\/2025\/02\/IMG_6724-scaled-e1740590329686-1536x2048.jpg 1536w\" sizes=\"auto, (max-width: 215px) 100vw, 215px\" \/> <img loading=\"lazy\" decoding=\"async\" class=\"wp-image-11291 alignleft\" src=\"https:\/\/agora.xtec.cat\/ceip-fontfreda\/wp-content\/uploads\/usu813\/2025\/02\/IMG_3546-scaled-e1740590292931.jpg\" alt=\"\" width=\"218\" height=\"291\" srcset=\"https:\/\/agora.xtec.cat\/ceip-fontfreda\/wp-content\/uploads\/usu813\/2025\/02\/IMG_3546-scaled-e1740590292931.jpg 1920w, https:\/\/agora.xtec.cat\/ceip-fontfreda\/wp-content\/uploads\/usu813\/2025\/02\/IMG_3546-scaled-e1740590292931-225x300.jpg 225w, https:\/\/agora.xtec.cat\/ceip-fontfreda\/wp-content\/uploads\/usu813\/2025\/02\/IMG_3546-scaled-e1740590292931-768x1024.jpg 768w, https:\/\/agora.xtec.cat\/ceip-fontfreda\/wp-content\/uploads\/usu813\/2025\/02\/IMG_3546-scaled-e1740590292931-1152x1536.jpg 1152w, https:\/\/agora.xtec.cat\/ceip-fontfreda\/wp-content\/uploads\/usu813\/2025\/02\/IMG_3546-scaled-e1740590292931-1536x2048.jpg 1536w\" sizes=\"auto, (max-width: 218px) 100vw, 218px\" \/><\/p>\n","protected":false},"excerpt":{"rendered":"<p>EL proper dia 23 d&#8217;Abril l&#8217;alumnat de 6\u00e8 tindr\u00e0 montada a l&#8217;escola i al carrer Major una paradeta. Podreu trobar material realitzat per l&#8217;alumnat i Roses naturals.<br \/>\nNo perdeu l&#8217;oportunitat de venir a visitar-nos. Us hi esperem!<br \/>\nLa confian\u00e7a en un prove\u00efdor de roses \u00e9s essencial per&hellip;  <a href=\"https:\/\/agora.xtec.cat\/ceip-fontfreda\/general\/paradeta-de-sant-jordi-3\/\" title=\"Read Paradeta de Sant Jordi\">Llegeix m\u00e9s\u00bb<\/a><\/p>\n","protected":false},"author":23,"featured_media":11291,"comment_status":"open","ping_status":"closed","sticky":false,"template":"","format":"standard","meta":{"_bbp_topic_count":0,"_bbp_reply_count":0,"_bbp_total_topic_count":0,"_bbp_total_reply_count":0,"_bbp_voice_count":0,"_bbp_anonymous_reply_count":0,"_bbp_topic_count_hidden":0,"_bbp_reply_count_hidden":0,"_bbp_forum_subforum_count":0,"footnotes":""},"categories":[1,4],"tags":[],"class_list":["post-11289","post","type-post","status-publish","format-standard","has-post-thumbnail","hentry","category-general","category-portada"],"post_mailing_queue_ids":[],"_links":{"self":[{"href":"https:\/\/agora.xtec.cat\/ceip-fontfreda\/wp-json\/wp\/v2\/posts\/11289","targetHints":{"allow":["GET"]}}],"collection":[{"href":"https:\/\/agora.xtec.cat\/ceip-fontfreda\/wp-json\/wp\/v2\/posts"}],"about":[{"href":"https:\/\/agora.xtec.cat\/ceip-fontfreda\/wp-json\/wp\/v2\/types\/post"}],"author":[{"embeddable":true,"href":"https:\/\/agora.xtec.cat\/ceip-fontfreda\/wp-json\/wp\/v2\/users\/23"}],"replies":[{"embeddable":true,"href":"https:\/\/agora.xtec.cat\/ceip-fontfreda\/wp-json\/wp\/v2\/comments?post=11289"}],"version-history":[{"count":3,"href":"https:\/\/agora.xtec.cat\/ceip-fontfreda\/wp-json\/wp\/v2\/posts\/11289\/revisions"}],"predecessor-version":[{"id":11296,"href":"https:\/\/agora.xtec.cat\/ceip-fontfreda\/wp-json\/wp\/v2\/posts\/11289\/revisions\/11296"}],"wp:featuredmedia":[{"embeddable":true,"href":"https:\/\/agora.xtec.cat\/ceip-fontfreda\/wp-json\/wp\/v2\/media\/11291"}],"wp:attachment":[{"href":"https:\/\/agora.xtec.cat\/ceip-fontfreda\/wp-json\/wp\/v2\/media?parent=11289"}],"wp:term":[{"taxonomy":"category","embeddable":true,"href":"https:\/\/agora.xtec.cat\/ceip-fontfreda\/wp-json\/wp\/v2\/categories?post=11289"},{"taxonomy":"post_tag","embeddable":true,"href":"https:\/\/agora.xtec.cat\/ceip-fontfreda\/wp-json\/wp\/v2\/tags?post=11289"}],"curies":[{"name":"wp","href":"https:\/\/api.w.org\/{rel}","templated":true}]}}