{"id":11246,"date":"2025-01-31T13:54:10","date_gmt":"2025-01-31T12:54:10","guid":{"rendered":"https:\/\/agora.xtec.cat\/ceip-fontfreda\/?p=11246"},"modified":"2025-01-31T13:55:28","modified_gmt":"2025-01-31T12:55:28","slug":"dia-escolar-de-la-no-violencia-i-la-pau-denip","status":"publish","type":"post","link":"https:\/\/agora.xtec.cat\/ceip-fontfreda\/general\/dia-escolar-de-la-no-violencia-i-la-pau-denip\/","title":{"rendered":"DIA ESCOLAR DE LA NO VIOL\u00c8NCIA I LA PAU (DENIP)"},"content":{"rendered":"<p>Els infants de l&#8217;Escola Font Freda han gaudit d&#8217;una jornada molt especial.<\/p>\n<p><a href=\"https:\/\/agora.xtec.cat\/ceip-fontfreda\/wp-content\/uploads\/usu813\/2025\/01\/general-1.jpeg\"><img loading=\"lazy\" decoding=\"async\" class=\"wp-image-11278 aligncenter\" src=\"https:\/\/agora.xtec.cat\/ceip-fontfreda\/wp-content\/uploads\/usu813\/2025\/01\/general-1.jpeg\" alt=\"\" width=\"161\" height=\"229\" srcset=\"https:\/\/agora.xtec.cat\/ceip-fontfreda\/wp-content\/uploads\/usu813\/2025\/01\/general-1.jpeg 526w, https:\/\/agora.xtec.cat\/ceip-fontfreda\/wp-content\/uploads\/usu813\/2025\/01\/general-1-211x300.jpeg 211w\" sizes=\"auto, (max-width: 161px) 100vw, 161px\" \/><\/a><\/p>\n<p>L&#8217;alumnat de 1r ha fet una aut\u00e8ntica poci\u00f3 per la PAU amb imaginaci\u00f3, alegria i una mica de m\u00e0gia!<\/p>\n<p>Mentrestant, l&#8217;alumnat de 2n, amb un desplegable del M\u00f3n desitjaven la PAU amb grans frases c\u00e8lebres!<\/p>\n<p>L&#8217;alumnat de 3r ha creat els Ingredients per la PAU a l&#8217;aula amb respecte, amistat, somriures i molt m\u00e9s!<\/p>\n<p>I l&#8217;alumnat de 4t van reflexionar el qu\u00e8 era per ells\/es el dia de la PAU.<\/p>\n<p>Us deixem aqu\u00ed un enlla\u00e7 amb fotografies de cada classe:<\/p>\n<p><a href=\"https:\/\/drive.google.com\/drive\/u\/1\/folders\/1bd4ZRqlzg-I4wwe0YxNEvBDFvaK2JrEO\">DIA ESCOLAR DE LA NO VIOL\u00c8NCIA I LA PAU (DENIP)<\/a><\/p>\n<p>FELI\u00c7 DENIP<\/p>\n","protected":false},"excerpt":{"rendered":"<p>Els infants de l&#8217;Escola Font Freda han gaudit d&#8217;una jornada molt especial.<br \/>\n<a href=\"https:\/\/agora.xtec.cat\/ceip-fontfreda\/wp-content\/uploads\/usu813\/2025\/01\/general-1.jpeg\"><\/a><br \/>\nL&#8217;alumnat de 1r ha fet una aut\u00e8ntica poci\u00f3 per la PAU amb imaginaci\u00f3, alegria i una mica de m\u00e0gia!<br \/>\nMentrestant, l&#8217;alumnat de 2n, amb un desplegable del M\u00f3n desitjaven la PAU amb grans frases&hellip;  <a href=\"https:\/\/agora.xtec.cat\/ceip-fontfreda\/general\/dia-escolar-de-la-no-violencia-i-la-pau-denip\/\" title=\"Read DIA ESCOLAR DE LA NO VIOL\u00c8NCIA I LA PAU (DENIP)\">Llegeix m\u00e9s\u00bb<\/a><\/p>\n","protected":false},"author":37,"featured_media":11266,"comment_status":"open","ping_status":"closed","sticky":false,"template":"","format":"standard","meta":{"_bbp_topic_count":0,"_bbp_reply_count":0,"_bbp_total_topic_count":0,"_bbp_total_reply_count":0,"_bbp_voice_count":0,"_bbp_anonymous_reply_count":0,"_bbp_topic_count_hidden":0,"_bbp_reply_count_hidden":0,"_bbp_forum_subforum_count":0,"footnotes":""},"categories":[10,11,12,13,1,4],"tags":[130,131,132,140],"class_list":["post-11246","post","type-post","status-publish","format-standard","has-post-thumbnail","hentry","category-1r","category-2n","category-3r","category-4t","category-general","category-portada","tag-1r","tag-2n","tag-3r","tag-4t"],"post_mailing_queue_ids":[],"_links":{"self":[{"href":"https:\/\/agora.xtec.cat\/ceip-fontfreda\/wp-json\/wp\/v2\/posts\/11246","targetHints":{"allow":["GET"]}}],"collection":[{"href":"https:\/\/agora.xtec.cat\/ceip-fontfreda\/wp-json\/wp\/v2\/posts"}],"about":[{"href":"https:\/\/agora.xtec.cat\/ceip-fontfreda\/wp-json\/wp\/v2\/types\/post"}],"author":[{"embeddable":true,"href":"https:\/\/agora.xtec.cat\/ceip-fontfreda\/wp-json\/wp\/v2\/users\/37"}],"replies":[{"embeddable":true,"href":"https:\/\/agora.xtec.cat\/ceip-fontfreda\/wp-json\/wp\/v2\/comments?post=11246"}],"version-history":[{"count":4,"href":"https:\/\/agora.xtec.cat\/ceip-fontfreda\/wp-json\/wp\/v2\/posts\/11246\/revisions"}],"predecessor-version":[{"id":11279,"href":"https:\/\/agora.xtec.cat\/ceip-fontfreda\/wp-json\/wp\/v2\/posts\/11246\/revisions\/11279"}],"wp:featuredmedia":[{"embeddable":true,"href":"https:\/\/agora.xtec.cat\/ceip-fontfreda\/wp-json\/wp\/v2\/media\/11266"}],"wp:attachment":[{"href":"https:\/\/agora.xtec.cat\/ceip-fontfreda\/wp-json\/wp\/v2\/media?parent=11246"}],"wp:term":[{"taxonomy":"category","embeddable":true,"href":"https:\/\/agora.xtec.cat\/ceip-fontfreda\/wp-json\/wp\/v2\/categories?post=11246"},{"taxonomy":"post_tag","embeddable":true,"href":"https:\/\/agora.xtec.cat\/ceip-fontfreda\/wp-json\/wp\/v2\/tags?post=11246"}],"curies":[{"name":"wp","href":"https:\/\/api.w.org\/{rel}","templated":true}]}}