{"id":11240,"date":"2025-01-30T13:33:32","date_gmt":"2025-01-30T12:33:32","guid":{"rendered":"https:\/\/agora.xtec.cat\/ceip-fontfreda\/?p=11240"},"modified":"2025-01-30T13:33:32","modified_gmt":"2025-01-30T12:33:32","slug":"educacio-infantil-ambients-daprenentatge-3","status":"publish","type":"post","link":"https:\/\/agora.xtec.cat\/ceip-fontfreda\/general\/educacio-infantil-ambients-daprenentatge-3\/","title":{"rendered":"Educaci\u00f3 infantil: Ambients d&#8217;aprenentatge"},"content":{"rendered":"<p><a href=\"https:\/\/drive.google.com\/drive\/folders\/1qMrK7uRtaifJGl2CKfx0CW6uM5iJTLea?usp=sharing\"><img loading=\"lazy\" decoding=\"async\" class=\"alignnone  wp-image-11241\" src=\"https:\/\/agora.xtec.cat\/ceip-fontfreda\/wp-content\/uploads\/usu813\/2025\/01\/IMG_Ambient-Som-artistes-treballant-Kandinsky-848x548-1.jpg\" alt=\"\" width=\"317\" height=\"205\" srcset=\"https:\/\/agora.xtec.cat\/ceip-fontfreda\/wp-content\/uploads\/usu813\/2025\/01\/IMG_Ambient-Som-artistes-treballant-Kandinsky-848x548-1.jpg 848w, https:\/\/agora.xtec.cat\/ceip-fontfreda\/wp-content\/uploads\/usu813\/2025\/01\/IMG_Ambient-Som-artistes-treballant-Kandinsky-848x548-1-300x194.jpg 300w, https:\/\/agora.xtec.cat\/ceip-fontfreda\/wp-content\/uploads\/usu813\/2025\/01\/IMG_Ambient-Som-artistes-treballant-Kandinsky-848x548-1-768x496.jpg 768w\" sizes=\"auto, (max-width: 317px) 100vw, 317px\" \/><\/a><\/p>\n<p>Hola fam\u00edlies!<\/p>\n<p>Estem emocionats d&#8217;iniciar un nou trimestre ple de noves propostes d&#8217;ambients d&#8217;aprenentatge! Els nostres espais s\u00f3n entorns dissenyats per fomentar l&#8217;aprenentatge, la relaci\u00f3 i la comunicaci\u00f3 entre els infants. Amb diverses activitats, els nens i nenes podran actuar, observar, experimentar, construir, inventar, imaginar, compartir, relacionar-se, emocionar-se i interactuar amb els altres.<\/p>\n<p>Aquesta forma flexible de treballar respon a les necessitats i interessos dels nostres aprenents, permetent-los jugar, compartir i aprendre a diferents ritmes. Estem encantats d&#8217;anunciar l&#8217;estrena del nostre nou atelier, on podran explorar noves propostes d&#8217;arts pl\u00e0stiques!<\/p>\n<p>Esperem que gaudiu del recull de fotografies <em>(Cliqueu a la fotografia!)<\/em> que hem preparat, i que aquestes imatges reflecteixin la creativitat i l&#8217;entusiasme dels nostres petits artistes!<\/p>\n<p>Gr\u00e0cies per la vostra col\u00b7laboraci\u00f3 i suport constant!<\/p>\n<p>Una salutaci\u00f3 cordial!<\/p>\n<p>Equip de mestres d&#8217;educaci\u00f3 infantil<\/p>\n","protected":false},"excerpt":{"rendered":"<p><a href=\"https:\/\/drive.google.com\/drive\/folders\/1qMrK7uRtaifJGl2CKfx0CW6uM5iJTLea?usp=sharing\"><\/a><br \/>\nHola fam\u00edlies!<br \/>\nEstem emocionats d&#8217;iniciar un nou trimestre ple de noves propostes d&#8217;ambients d&#8217;aprenentatge! Els nostres espais s\u00f3n entorns dissenyats per fomentar l&#8217;aprenentatge, la relaci\u00f3 i la comunicaci\u00f3 entre els infants. Amb diverses activitats, els nens i nenes podran actuar, observar, experimentar, construir, inventar, imaginar,&hellip;  <a href=\"https:\/\/agora.xtec.cat\/ceip-fontfreda\/general\/educacio-infantil-ambients-daprenentatge-3\/\" title=\"Read Educaci\u00f3 infantil: Ambients d&#8217;aprenentatge\">Llegeix m\u00e9s\u00bb<\/a><\/p>\n","protected":false},"author":53,"featured_media":0,"comment_status":"open","ping_status":"closed","sticky":false,"template":"","format":"standard","meta":{"_bbp_topic_count":0,"_bbp_reply_count":0,"_bbp_total_topic_count":0,"_bbp_total_reply_count":0,"_bbp_voice_count":0,"_bbp_anonymous_reply_count":0,"_bbp_topic_count_hidden":0,"_bbp_reply_count_hidden":0,"_bbp_forum_subforum_count":0,"footnotes":""},"categories":[1,3,8,9,2,4],"tags":[],"class_list":["post-11240","post","type-post","status-publish","format-standard","hentry","category-general","category-i3","category-i4","category-i5","category-infantil","category-portada"],"post_mailing_queue_ids":[],"_links":{"self":[{"href":"https:\/\/agora.xtec.cat\/ceip-fontfreda\/wp-json\/wp\/v2\/posts\/11240","targetHints":{"allow":["GET"]}}],"collection":[{"href":"https:\/\/agora.xtec.cat\/ceip-fontfreda\/wp-json\/wp\/v2\/posts"}],"about":[{"href":"https:\/\/agora.xtec.cat\/ceip-fontfreda\/wp-json\/wp\/v2\/types\/post"}],"author":[{"embeddable":true,"href":"https:\/\/agora.xtec.cat\/ceip-fontfreda\/wp-json\/wp\/v2\/users\/53"}],"replies":[{"embeddable":true,"href":"https:\/\/agora.xtec.cat\/ceip-fontfreda\/wp-json\/wp\/v2\/comments?post=11240"}],"version-history":[{"count":2,"href":"https:\/\/agora.xtec.cat\/ceip-fontfreda\/wp-json\/wp\/v2\/posts\/11240\/revisions"}],"predecessor-version":[{"id":11243,"href":"https:\/\/agora.xtec.cat\/ceip-fontfreda\/wp-json\/wp\/v2\/posts\/11240\/revisions\/11243"}],"wp:attachment":[{"href":"https:\/\/agora.xtec.cat\/ceip-fontfreda\/wp-json\/wp\/v2\/media?parent=11240"}],"wp:term":[{"taxonomy":"category","embeddable":true,"href":"https:\/\/agora.xtec.cat\/ceip-fontfreda\/wp-json\/wp\/v2\/categories?post=11240"},{"taxonomy":"post_tag","embeddable":true,"href":"https:\/\/agora.xtec.cat\/ceip-fontfreda\/wp-json\/wp\/v2\/tags?post=11240"}],"curies":[{"name":"wp","href":"https:\/\/api.w.org\/{rel}","templated":true}]}}