{"id":11232,"date":"2025-01-13T21:19:27","date_gmt":"2025-01-13T20:19:27","guid":{"rendered":"https:\/\/agora.xtec.cat\/ceip-fontfreda\/?p=11232"},"modified":"2025-01-13T21:19:27","modified_gmt":"2025-01-13T20:19:27","slug":"educacio-infantil-tio-de-nadal-2","status":"publish","type":"post","link":"https:\/\/agora.xtec.cat\/ceip-fontfreda\/general\/educacio-infantil-tio-de-nadal-2\/","title":{"rendered":"Educaci\u00f3 Infantil: Ti\u00f3 de Nadal"},"content":{"rendered":"<p><a href=\"https:\/\/agora.xtec.cat\/ceip-fontfreda\/wp-content\/uploads\/usu813\/2025\/01\/tio-de-nadal-extra-gran-45cm.jpg\"><img loading=\"lazy\" decoding=\"async\" class=\" wp-image-11233\" src=\"https:\/\/agora.xtec.cat\/ceip-fontfreda\/wp-content\/uploads\/usu813\/2025\/01\/tio-de-nadal-extra-gran-45cm.jpg\" alt=\"\" width=\"175\" height=\"175\" srcset=\"https:\/\/agora.xtec.cat\/ceip-fontfreda\/wp-content\/uploads\/usu813\/2025\/01\/tio-de-nadal-extra-gran-45cm.jpg 800w, https:\/\/agora.xtec.cat\/ceip-fontfreda\/wp-content\/uploads\/usu813\/2025\/01\/tio-de-nadal-extra-gran-45cm-300x300.jpg 300w, https:\/\/agora.xtec.cat\/ceip-fontfreda\/wp-content\/uploads\/usu813\/2025\/01\/tio-de-nadal-extra-gran-45cm-150x150.jpg 150w, https:\/\/agora.xtec.cat\/ceip-fontfreda\/wp-content\/uploads\/usu813\/2025\/01\/tio-de-nadal-extra-gran-45cm-768x768.jpg 768w\" sizes=\"auto, (max-width: 175px) 100vw, 175px\" \/><\/a><\/p>\n<p>Hola fam\u00edlies!<\/p>\n<p>A continuaci\u00f3, compartim amb vosaltres un recull de fotografies d&#8217;un dels moments m\u00e9s especials: fer cagar el ti\u00f3 de Nadal.<\/p>\n<p>Esperem que us agradin i us facin recordar la m\u00e0gia d&#8217;aquestes festes.<\/p>\n<p>Gr\u00e0cies per ser part d&#8217;aquesta tradici\u00f3 tan bonica!<\/p>\n<p><a href=\"https:\/\/drive.google.com\/drive\/folders\/1ggHD2573AzJ-oX2m1n-0ifdmAW6UGuE8?usp=sharing\">Ti\u00f3 de Nadal<\/a><\/p>\n<p>Una abra\u00e7ada!<\/p>\n","protected":false},"excerpt":{"rendered":"<p><a href=\"https:\/\/agora.xtec.cat\/ceip-fontfreda\/wp-content\/uploads\/usu813\/2025\/01\/tio-de-nadal-extra-gran-45cm.jpg\"><\/a><br \/>\nHola fam\u00edlies!<br \/>\nA continuaci\u00f3, compartim amb vosaltres un recull de fotografies d&#8217;un dels moments m\u00e9s especials: fer cagar el ti\u00f3 de Nadal.<br \/>\nEsperem que us agradin i us facin recordar la m\u00e0gia d&#8217;aquestes festes.<br \/>\nGr\u00e0cies per ser part d&#8217;aquesta tradici\u00f3 tan bonica!<br \/>\n<a href=\"https:\/\/drive.google.com\/drive\/folders\/1ggHD2573AzJ-oX2m1n-0ifdmAW6UGuE8?usp=sharing\">Ti\u00f3 de Nadal<\/a><br \/>\nUna abra\u00e7ada!<\/p>\n","protected":false},"author":53,"featured_media":0,"comment_status":"open","ping_status":"closed","sticky":false,"template":"","format":"standard","meta":{"_bbp_topic_count":0,"_bbp_reply_count":0,"_bbp_total_topic_count":0,"_bbp_total_reply_count":0,"_bbp_voice_count":0,"_bbp_anonymous_reply_count":0,"_bbp_topic_count_hidden":0,"_bbp_reply_count_hidden":0,"_bbp_forum_subforum_count":0,"footnotes":""},"categories":[1,3,8,9,2,4],"tags":[],"class_list":["post-11232","post","type-post","status-publish","format-standard","hentry","category-general","category-i3","category-i4","category-i5","category-infantil","category-portada"],"post_mailing_queue_ids":[],"_links":{"self":[{"href":"https:\/\/agora.xtec.cat\/ceip-fontfreda\/wp-json\/wp\/v2\/posts\/11232","targetHints":{"allow":["GET"]}}],"collection":[{"href":"https:\/\/agora.xtec.cat\/ceip-fontfreda\/wp-json\/wp\/v2\/posts"}],"about":[{"href":"https:\/\/agora.xtec.cat\/ceip-fontfreda\/wp-json\/wp\/v2\/types\/post"}],"author":[{"embeddable":true,"href":"https:\/\/agora.xtec.cat\/ceip-fontfreda\/wp-json\/wp\/v2\/users\/53"}],"replies":[{"embeddable":true,"href":"https:\/\/agora.xtec.cat\/ceip-fontfreda\/wp-json\/wp\/v2\/comments?post=11232"}],"version-history":[{"count":1,"href":"https:\/\/agora.xtec.cat\/ceip-fontfreda\/wp-json\/wp\/v2\/posts\/11232\/revisions"}],"predecessor-version":[{"id":11234,"href":"https:\/\/agora.xtec.cat\/ceip-fontfreda\/wp-json\/wp\/v2\/posts\/11232\/revisions\/11234"}],"wp:attachment":[{"href":"https:\/\/agora.xtec.cat\/ceip-fontfreda\/wp-json\/wp\/v2\/media?parent=11232"}],"wp:term":[{"taxonomy":"category","embeddable":true,"href":"https:\/\/agora.xtec.cat\/ceip-fontfreda\/wp-json\/wp\/v2\/categories?post=11232"},{"taxonomy":"post_tag","embeddable":true,"href":"https:\/\/agora.xtec.cat\/ceip-fontfreda\/wp-json\/wp\/v2\/tags?post=11232"}],"curies":[{"name":"wp","href":"https:\/\/api.w.org\/{rel}","templated":true}]}}