{"id":11225,"date":"2025-01-08T06:39:18","date_gmt":"2025-01-08T05:39:18","guid":{"rendered":"https:\/\/agora.xtec.cat\/ceip-fontfreda\/?p=11225"},"modified":"2025-01-08T06:41:27","modified_gmt":"2025-01-08T05:41:27","slug":"tio-de-nadal","status":"publish","type":"post","link":"https:\/\/agora.xtec.cat\/ceip-fontfreda\/primaria\/1r\/tio-de-nadal\/","title":{"rendered":"Ti\u00f3 de Nadal"},"content":{"rendered":"<p>Aix\u00ed vam passar l&#8217;\u00faltim dia del 1r trimestre al cicle inicial, fent cagar el Ti\u00f3 de Nadal!<\/p>\n<p>Ens ho vam passar s\u00faper b\u00e9 i el Ti\u00f3 ens va cagar uns regalets molt entretinguts!<\/p>\n<p>Cliqueu sobre la imatge per veure les fotografies!<\/p>\n<p><a href=\"https:\/\/drive.google.com\/drive\/folders\/1SZQ5mNwTkeFKw3vqAcNgDjhTc2aPUOtx?usp=sharing\"><img loading=\"lazy\" decoding=\"async\" class=\"alignnone size-full wp-image-11226\" src=\"https:\/\/agora.xtec.cat\/ceip-fontfreda\/wp-content\/uploads\/usu813\/2025\/01\/tio.jpg\" alt=\"\" width=\"396\" height=\"260\" srcset=\"https:\/\/agora.xtec.cat\/ceip-fontfreda\/wp-content\/uploads\/usu813\/2025\/01\/tio.jpg 396w, https:\/\/agora.xtec.cat\/ceip-fontfreda\/wp-content\/uploads\/usu813\/2025\/01\/tio-300x197.jpg 300w\" sizes=\"auto, (max-width: 396px) 100vw, 396px\" \/><\/a><\/p>\n<p>&nbsp;<\/p>\n","protected":false},"excerpt":{"rendered":"<p>Aix\u00ed vam passar l&#8217;\u00faltim dia del 1r trimestre al cicle inicial, fent cagar el Ti\u00f3 de Nadal!<br \/>\nEns ho vam passar s\u00faper b\u00e9 i el Ti\u00f3 ens va cagar uns regalets molt entretinguts!<br \/>\nCliqueu sobre la imatge per veure les fotografies!<br \/>\n<a href=\"https:\/\/drive.google.com\/drive\/folders\/1SZQ5mNwTkeFKw3vqAcNgDjhTc2aPUOtx?usp=sharing\"><\/a><br \/>\n&nbsp;<\/p>\n","protected":false},"author":9,"featured_media":0,"comment_status":"open","ping_status":"closed","sticky":false,"template":"","format":"standard","meta":{"_bbp_topic_count":0,"_bbp_reply_count":0,"_bbp_total_topic_count":0,"_bbp_total_reply_count":0,"_bbp_voice_count":0,"_bbp_anonymous_reply_count":0,"_bbp_topic_count_hidden":0,"_bbp_reply_count_hidden":0,"_bbp_forum_subforum_count":0,"footnotes":""},"categories":[10,11],"tags":[],"class_list":["post-11225","post","type-post","status-publish","format-standard","hentry","category-1r","category-2n"],"post_mailing_queue_ids":[],"_links":{"self":[{"href":"https:\/\/agora.xtec.cat\/ceip-fontfreda\/wp-json\/wp\/v2\/posts\/11225","targetHints":{"allow":["GET"]}}],"collection":[{"href":"https:\/\/agora.xtec.cat\/ceip-fontfreda\/wp-json\/wp\/v2\/posts"}],"about":[{"href":"https:\/\/agora.xtec.cat\/ceip-fontfreda\/wp-json\/wp\/v2\/types\/post"}],"author":[{"embeddable":true,"href":"https:\/\/agora.xtec.cat\/ceip-fontfreda\/wp-json\/wp\/v2\/users\/9"}],"replies":[{"embeddable":true,"href":"https:\/\/agora.xtec.cat\/ceip-fontfreda\/wp-json\/wp\/v2\/comments?post=11225"}],"version-history":[{"count":2,"href":"https:\/\/agora.xtec.cat\/ceip-fontfreda\/wp-json\/wp\/v2\/posts\/11225\/revisions"}],"predecessor-version":[{"id":11228,"href":"https:\/\/agora.xtec.cat\/ceip-fontfreda\/wp-json\/wp\/v2\/posts\/11225\/revisions\/11228"}],"wp:attachment":[{"href":"https:\/\/agora.xtec.cat\/ceip-fontfreda\/wp-json\/wp\/v2\/media?parent=11225"}],"wp:term":[{"taxonomy":"category","embeddable":true,"href":"https:\/\/agora.xtec.cat\/ceip-fontfreda\/wp-json\/wp\/v2\/categories?post=11225"},{"taxonomy":"post_tag","embeddable":true,"href":"https:\/\/agora.xtec.cat\/ceip-fontfreda\/wp-json\/wp\/v2\/tags?post=11225"}],"curies":[{"name":"wp","href":"https:\/\/api.w.org\/{rel}","templated":true}]}}