{"id":11222,"date":"2024-12-26T20:38:41","date_gmt":"2024-12-26T19:38:41","guid":{"rendered":"https:\/\/agora.xtec.cat\/ceip-fontfreda\/?p=11222"},"modified":"2024-12-26T20:38:41","modified_gmt":"2024-12-26T19:38:41","slug":"concert-de-nadal-un-viatge-musical-de-50-anys","status":"publish","type":"post","link":"https:\/\/agora.xtec.cat\/ceip-fontfreda\/general\/concert-de-nadal-un-viatge-musical-de-50-anys\/","title":{"rendered":"CONCERT DE NADAL &#8220;UN VIATGE MUSICAL DE 50 ANYS&#8221;"},"content":{"rendered":"<p>Avui us volem compartir els v\u00eddeos del nostre Concert de Nadal! Ha estat un moment molt especial ple de m\u00fasica, emoci\u00f3 i esperit nadalenc, i volem que tots vosaltres pugueu gaudir-ne des de casa.<\/p>\n<p>Per veure les actuacions dels nostres petits artistes nom\u00e9s he de clicar a l&#8217;<a href=\"https:\/\/youtube.com\/playlist?list=PLjXsTHFaWbLzaFNvDmnnnphKuymSGgvKI&amp;si=xh-9Eh6Qd5acz7fs\">enlla\u00e7 seg\u00fcent<\/a><\/p>\n<p>Gr\u00e0cies per la vostra companyia i per fer que aquest concert hagi estat un \u00e8xit. Esperem que us hagi agradat tant com a nosaltres!<\/p>\n<p>Bones festes!<\/p>\n","protected":false},"excerpt":{"rendered":"<p>Avui us volem compartir els v\u00eddeos del nostre Concert de Nadal! Ha estat un moment molt especial ple de m\u00fasica, emoci\u00f3 i esperit nadalenc, i volem que tots vosaltres pugueu gaudir-ne des de casa.<br \/>\nPer veure les actuacions dels nostres petits artistes nom\u00e9s he de clicar&hellip;  <a href=\"https:\/\/agora.xtec.cat\/ceip-fontfreda\/general\/concert-de-nadal-un-viatge-musical-de-50-anys\/\" title=\"Read CONCERT DE NADAL &#8220;UN VIATGE MUSICAL DE 50 ANYS&#8221;\">Llegeix m\u00e9s\u00bb<\/a><\/p>\n","protected":false},"author":13,"featured_media":11223,"comment_status":"open","ping_status":"closed","sticky":false,"template":"","format":"standard","meta":{"_bbp_topic_count":0,"_bbp_reply_count":0,"_bbp_total_topic_count":0,"_bbp_total_reply_count":0,"_bbp_voice_count":0,"_bbp_anonymous_reply_count":0,"_bbp_topic_count_hidden":0,"_bbp_reply_count_hidden":0,"_bbp_forum_subforum_count":0,"footnotes":""},"categories":[1,2,75,4,5],"tags":[],"class_list":["post-11222","post","type-post","status-publish","format-standard","has-post-thumbnail","hentry","category-general","category-infantil","category-mus","category-portada","category-primaria"],"post_mailing_queue_ids":[],"_links":{"self":[{"href":"https:\/\/agora.xtec.cat\/ceip-fontfreda\/wp-json\/wp\/v2\/posts\/11222","targetHints":{"allow":["GET"]}}],"collection":[{"href":"https:\/\/agora.xtec.cat\/ceip-fontfreda\/wp-json\/wp\/v2\/posts"}],"about":[{"href":"https:\/\/agora.xtec.cat\/ceip-fontfreda\/wp-json\/wp\/v2\/types\/post"}],"author":[{"embeddable":true,"href":"https:\/\/agora.xtec.cat\/ceip-fontfreda\/wp-json\/wp\/v2\/users\/13"}],"replies":[{"embeddable":true,"href":"https:\/\/agora.xtec.cat\/ceip-fontfreda\/wp-json\/wp\/v2\/comments?post=11222"}],"version-history":[{"count":1,"href":"https:\/\/agora.xtec.cat\/ceip-fontfreda\/wp-json\/wp\/v2\/posts\/11222\/revisions"}],"predecessor-version":[{"id":11224,"href":"https:\/\/agora.xtec.cat\/ceip-fontfreda\/wp-json\/wp\/v2\/posts\/11222\/revisions\/11224"}],"wp:featuredmedia":[{"embeddable":true,"href":"https:\/\/agora.xtec.cat\/ceip-fontfreda\/wp-json\/wp\/v2\/media\/11223"}],"wp:attachment":[{"href":"https:\/\/agora.xtec.cat\/ceip-fontfreda\/wp-json\/wp\/v2\/media?parent=11222"}],"wp:term":[{"taxonomy":"category","embeddable":true,"href":"https:\/\/agora.xtec.cat\/ceip-fontfreda\/wp-json\/wp\/v2\/categories?post=11222"},{"taxonomy":"post_tag","embeddable":true,"href":"https:\/\/agora.xtec.cat\/ceip-fontfreda\/wp-json\/wp\/v2\/tags?post=11222"}],"curies":[{"name":"wp","href":"https:\/\/api.w.org\/{rel}","templated":true}]}}