{"id":11207,"date":"2024-12-07T17:46:00","date_gmt":"2024-12-07T16:46:00","guid":{"rendered":"https:\/\/agora.xtec.cat\/ceip-fontfreda\/?p=11207"},"modified":"2024-12-07T17:48:24","modified_gmt":"2024-12-07T16:48:24","slug":"educacio-infantil-tastet-de-tardor","status":"publish","type":"post","link":"https:\/\/agora.xtec.cat\/ceip-fontfreda\/general\/educacio-infantil-tastet-de-tardor\/","title":{"rendered":"Educaci\u00f3 Infantil: Tastet de Tardor"},"content":{"rendered":"<p><a href=\"https:\/\/agora.xtec.cat\/ceip-fontfreda\/wp-content\/uploads\/usu813\/2024\/12\/frutas-otono.jpg\"><img loading=\"lazy\" decoding=\"async\" class=\"alignnone wp-image-11208\" src=\"https:\/\/agora.xtec.cat\/ceip-fontfreda\/wp-content\/uploads\/usu813\/2024\/12\/frutas-otono-1024x712.jpg\" alt=\"\" width=\"315\" height=\"219\" srcset=\"https:\/\/agora.xtec.cat\/ceip-fontfreda\/wp-content\/uploads\/usu813\/2024\/12\/frutas-otono-1024x712.jpg 1024w, https:\/\/agora.xtec.cat\/ceip-fontfreda\/wp-content\/uploads\/usu813\/2024\/12\/frutas-otono-300x209.jpg 300w, https:\/\/agora.xtec.cat\/ceip-fontfreda\/wp-content\/uploads\/usu813\/2024\/12\/frutas-otono-768x534.jpg 768w, https:\/\/agora.xtec.cat\/ceip-fontfreda\/wp-content\/uploads\/usu813\/2024\/12\/frutas-otono.jpg 1200w\" sizes=\"auto, (max-width: 315px) 100vw, 315px\" \/><\/a><\/p>\n<p>Benvolgudes fam\u00edlies,<\/p>\n<p>Ens agradaria compartir amb vosaltres l&#8217;experi\u00e8ncia tan divertida i educativa que hem viscut recentment a l&#8217;escola. Els nens i nenes d&#8217;infantil han participat en un tastet de tardor, on han pogut descobrir i gaudir de diferents fruits t\u00edpics d&#8217;aquesta estaci\u00f3.<\/p>\n<p>Durant l&#8217;activitat, els infants han tastat fruites com pomes, peres, castanyes i ra\u00efm, entre d&#8217;altres. Ha estat una manera fant\u00e0stica d&#8217;apropar-los a la natura i a l&#8217;alimentaci\u00f3 saludable, alhora que han pogut aprendre sobre les caracter\u00edstiques de cada fruit i la seva import\u00e0ncia en la nostra dieta.<\/p>\n<p>Els nens i nenes s&#8217;ho han passat d&#8217;all\u00f2 m\u00e9s b\u00e9, compartint les seves impressions i descobrint nous sabors. Hem fomentat la curiositat i l&#8217;exploraci\u00f3 a trav\u00e9s del joc i la degustaci\u00f3, i hem creat un ambient molt positiu i participatiu.<\/p>\n<p>Estem segurs que aquesta experi\u00e8ncia els ajudar\u00e0 a valorar els fruits de temporada i a desenvolupar h\u00e0bits alimentaris m\u00e9s saludables.<\/p>\n<p>A continuaci\u00f3, teniu un recull de fotografies que esperem que us agradin \ud83d\ude42<\/p>\n<p><a href=\"https:\/\/drive.google.com\/drive\/folders\/1p_Y7dm8owt-yLuyXD2CHkO2l_k8oniDE?usp=sharing\">Tastet de Tardor Infantil<\/a><\/p>\n<p>Gr\u00e0cies per la vostra confian\u00e7a i suport!<\/p>\n<p>&nbsp;<\/p>\n<p>Equip de Mestres Educaci\u00f3 Infantil<\/p>\n","protected":false},"excerpt":{"rendered":"<p><a href=\"https:\/\/agora.xtec.cat\/ceip-fontfreda\/wp-content\/uploads\/usu813\/2024\/12\/frutas-otono.jpg\"><\/a><br \/>\nBenvolgudes fam\u00edlies,<br \/>\nEns agradaria compartir amb vosaltres l&#8217;experi\u00e8ncia tan divertida i educativa que hem viscut recentment a l&#8217;escola. Els nens i nenes d&#8217;infantil han participat en un tastet de tardor, on han pogut descobrir i gaudir de diferents fruits t\u00edpics d&#8217;aquesta estaci\u00f3.<br \/>\nDurant l&#8217;activitat, els infants&hellip;  <a href=\"https:\/\/agora.xtec.cat\/ceip-fontfreda\/general\/educacio-infantil-tastet-de-tardor\/\" title=\"Read Educaci\u00f3 Infantil: Tastet de Tardor\">Llegeix m\u00e9s\u00bb<\/a><\/p>\n","protected":false},"author":53,"featured_media":0,"comment_status":"open","ping_status":"closed","sticky":false,"template":"","format":"standard","meta":{"_bbp_topic_count":0,"_bbp_reply_count":0,"_bbp_total_topic_count":0,"_bbp_total_reply_count":0,"_bbp_voice_count":0,"_bbp_anonymous_reply_count":0,"_bbp_topic_count_hidden":0,"_bbp_reply_count_hidden":0,"_bbp_forum_subforum_count":0,"footnotes":""},"categories":[1,3,8,9,2,4],"tags":[],"class_list":["post-11207","post","type-post","status-publish","format-standard","hentry","category-general","category-i3","category-i4","category-i5","category-infantil","category-portada"],"post_mailing_queue_ids":[],"_links":{"self":[{"href":"https:\/\/agora.xtec.cat\/ceip-fontfreda\/wp-json\/wp\/v2\/posts\/11207","targetHints":{"allow":["GET"]}}],"collection":[{"href":"https:\/\/agora.xtec.cat\/ceip-fontfreda\/wp-json\/wp\/v2\/posts"}],"about":[{"href":"https:\/\/agora.xtec.cat\/ceip-fontfreda\/wp-json\/wp\/v2\/types\/post"}],"author":[{"embeddable":true,"href":"https:\/\/agora.xtec.cat\/ceip-fontfreda\/wp-json\/wp\/v2\/users\/53"}],"replies":[{"embeddable":true,"href":"https:\/\/agora.xtec.cat\/ceip-fontfreda\/wp-json\/wp\/v2\/comments?post=11207"}],"version-history":[{"count":2,"href":"https:\/\/agora.xtec.cat\/ceip-fontfreda\/wp-json\/wp\/v2\/posts\/11207\/revisions"}],"predecessor-version":[{"id":11210,"href":"https:\/\/agora.xtec.cat\/ceip-fontfreda\/wp-json\/wp\/v2\/posts\/11207\/revisions\/11210"}],"wp:attachment":[{"href":"https:\/\/agora.xtec.cat\/ceip-fontfreda\/wp-json\/wp\/v2\/media?parent=11207"}],"wp:term":[{"taxonomy":"category","embeddable":true,"href":"https:\/\/agora.xtec.cat\/ceip-fontfreda\/wp-json\/wp\/v2\/categories?post=11207"},{"taxonomy":"post_tag","embeddable":true,"href":"https:\/\/agora.xtec.cat\/ceip-fontfreda\/wp-json\/wp\/v2\/tags?post=11207"}],"curies":[{"name":"wp","href":"https:\/\/api.w.org\/{rel}","templated":true}]}}