{"id":11177,"date":"2024-11-10T19:48:40","date_gmt":"2024-11-10T18:48:40","guid":{"rendered":"https:\/\/agora.xtec.cat\/ceip-fontfreda\/?p=11177"},"modified":"2024-11-21T18:27:15","modified_gmt":"2024-11-21T17:27:15","slug":"celebrem-la-castanyada-a-lescola-2","status":"publish","type":"post","link":"https:\/\/agora.xtec.cat\/ceip-fontfreda\/general\/celebrem-la-castanyada-a-lescola-2\/","title":{"rendered":"CELEBREM LA CASTANYADA A L&#8217;ESCOLA"},"content":{"rendered":"<p><img loading=\"lazy\" decoding=\"async\" class=\"aligncenter wp-image-11180\" src=\"https:\/\/agora.xtec.cat\/ceip-fontfreda\/wp-content\/uploads\/usu813\/2024\/11\/2eafefb4-abfa-4559-bae9-1a113d8868f8.jpg\" alt=\"\" width=\"452\" height=\"401\" srcset=\"https:\/\/agora.xtec.cat\/ceip-fontfreda\/wp-content\/uploads\/usu813\/2024\/11\/2eafefb4-abfa-4559-bae9-1a113d8868f8.jpg 1200w, https:\/\/agora.xtec.cat\/ceip-fontfreda\/wp-content\/uploads\/usu813\/2024\/11\/2eafefb4-abfa-4559-bae9-1a113d8868f8-300x266.jpg 300w, https:\/\/agora.xtec.cat\/ceip-fontfreda\/wp-content\/uploads\/usu813\/2024\/11\/2eafefb4-abfa-4559-bae9-1a113d8868f8-1024x908.jpg 1024w, https:\/\/agora.xtec.cat\/ceip-fontfreda\/wp-content\/uploads\/usu813\/2024\/11\/2eafefb4-abfa-4559-bae9-1a113d8868f8-768x681.jpg 768w\" sizes=\"auto, (max-width: 452px) 100vw, 452px\" \/><\/p>\n<p>La Castanyada \u00e9s una festa ben especial a Catalunya, sobretot perqu\u00e8 \u00e9s un moment de reuni\u00f3 en fam\u00edlia i amb amics, on la m\u00fasica i les tradicions hi s\u00f3n ben presents. En aquesta nit, les fam\u00edlies s\u2019apleguen per compartir castanyes torrades, moniatos i els panellets, uns dol\u00e7os petits i rodons fets amb ametlla, que alguns preparen a casa amb els m\u00e9s petits.\u00a0Als carrers, les castanyeres torren castanyes ben calentes, i a casa o a l\u2019escola, la m\u00fasica de la Castanyada acompanya la celebraci\u00f3. Tot plegat, una manera de recordar i honorar els qui ja no hi s\u00f3n, per\u00f2 sobretot, una festa per gaudir junts d\u2019aquesta tradici\u00f3 tan nostra.<\/p>\n<p>A l&#8217;escola, la Castanyada \u00e9s un moment molt especial i ple d\u2019activitats per mantenir viva aquesta tradici\u00f3. Els infants d&#8217;infantil amb l&#8217;ajuda de cinqu\u00e8 han preparat panellets , cicle inicial tallers i han fet altres dol\u00e7os, tercer i quart han participat en gincanes i tallers de tardor a infantil i a prim\u00e0ria.<\/p>\n<p>Aquest any l&#8217;alumnat de sis\u00e8 ha creat un &#8220;t\u00fanel de la por&#8221; per afegir emoci\u00f3 a la celebraci\u00f3 de la Castanyada a l&#8217;alumnat de cinqu\u00e8! El t\u00fanel ha estat decorat amb personatges monstruosos, que han fet saltar els alumnes amb petits ensurts amb les seves escenificacions. L\u2019ambient fosc, amb llums t\u00e8nues, ha estat acompanyat de sons misteriosos i inquietants, que els mateixos alumnes han gravat a la classe de m\u00fasica. per afegir un punt de diversi\u00f3 i misteri a la festa de la Castanyada<\/p>\n<p>Volem agrair la tarda que hem passat tots junts al pati amb la visita del senyor Castanyer i la senyora Castanyera, que han ballat amb tot l&#8217;alumnat d&#8217;infantil i ens han ajudat a repartir les castanyes torrades gr\u00e0cies a la participaci\u00f3 de l&#8217;AFA. Ha estat una celebraci\u00f3 preciosa, amb molts infants disfressats de castanyers i castanyeres, amb mocadors, davantals, camises de quadres i faldilles.<\/p>\n<p>A m\u00e9s, l\u2019escola ha quedat ben decorada gr\u00e0cies als treballs fets pels alumnes, que han omplert els espais de fulles, castanyes i motius de tardor que han donat un ambient encara m\u00e9s especial a la festa.<\/p>\n<p>Us deixem un recull de les<a href=\"https:\/\/drive.google.com\/drive\/folders\/1yYOtslK7EUOVsi6ZrwVDNRn4PtDlwGc9?usp=sharing\"> fotos d&#8217;aquestes activitats<\/a> en aquest enlla\u00e7.<\/p>\n<p>&nbsp;<\/p>\n<p>&nbsp;<\/p>\n","protected":false},"excerpt":{"rendered":"<p>La Castanyada \u00e9s una festa ben especial a Catalunya, sobretot perqu\u00e8 \u00e9s un moment de reuni\u00f3 en fam\u00edlia i amb amics, on la m\u00fasica i les tradicions hi s\u00f3n ben presents. En aquesta nit, les fam\u00edlies s\u2019apleguen per compartir castanyes torrades, moniatos i els panellets,&hellip;  <a href=\"https:\/\/agora.xtec.cat\/ceip-fontfreda\/general\/celebrem-la-castanyada-a-lescola-2\/\" title=\"Read CELEBREM LA CASTANYADA A L&#8217;ESCOLA\">Llegeix m\u00e9s\u00bb<\/a><\/p>\n","protected":false},"author":13,"featured_media":11180,"comment_status":"open","ping_status":"closed","sticky":false,"template":"","format":"standard","meta":{"_bbp_topic_count":0,"_bbp_reply_count":0,"_bbp_total_topic_count":0,"_bbp_total_reply_count":0,"_bbp_voice_count":0,"_bbp_anonymous_reply_count":0,"_bbp_topic_count_hidden":0,"_bbp_reply_count_hidden":0,"_bbp_forum_subforum_count":0,"footnotes":""},"categories":[10,11,12,13,14,15,1,3,8,9,2,4,5],"tags":[55],"class_list":["post-11177","post","type-post","status-publish","format-standard","has-post-thumbnail","hentry","category-1r","category-2n","category-3r","category-4t","category-5e","category-6e","category-general","category-i3","category-i4","category-i5","category-infantil","category-portada","category-primaria","tag-castanyada"],"post_mailing_queue_ids":[],"_links":{"self":[{"href":"https:\/\/agora.xtec.cat\/ceip-fontfreda\/wp-json\/wp\/v2\/posts\/11177","targetHints":{"allow":["GET"]}}],"collection":[{"href":"https:\/\/agora.xtec.cat\/ceip-fontfreda\/wp-json\/wp\/v2\/posts"}],"about":[{"href":"https:\/\/agora.xtec.cat\/ceip-fontfreda\/wp-json\/wp\/v2\/types\/post"}],"author":[{"embeddable":true,"href":"https:\/\/agora.xtec.cat\/ceip-fontfreda\/wp-json\/wp\/v2\/users\/13"}],"replies":[{"embeddable":true,"href":"https:\/\/agora.xtec.cat\/ceip-fontfreda\/wp-json\/wp\/v2\/comments?post=11177"}],"version-history":[{"count":4,"href":"https:\/\/agora.xtec.cat\/ceip-fontfreda\/wp-json\/wp\/v2\/posts\/11177\/revisions"}],"predecessor-version":[{"id":11189,"href":"https:\/\/agora.xtec.cat\/ceip-fontfreda\/wp-json\/wp\/v2\/posts\/11177\/revisions\/11189"}],"wp:featuredmedia":[{"embeddable":true,"href":"https:\/\/agora.xtec.cat\/ceip-fontfreda\/wp-json\/wp\/v2\/media\/11180"}],"wp:attachment":[{"href":"https:\/\/agora.xtec.cat\/ceip-fontfreda\/wp-json\/wp\/v2\/media?parent=11177"}],"wp:term":[{"taxonomy":"category","embeddable":true,"href":"https:\/\/agora.xtec.cat\/ceip-fontfreda\/wp-json\/wp\/v2\/categories?post=11177"},{"taxonomy":"post_tag","embeddable":true,"href":"https:\/\/agora.xtec.cat\/ceip-fontfreda\/wp-json\/wp\/v2\/tags?post=11177"}],"curies":[{"name":"wp","href":"https:\/\/api.w.org\/{rel}","templated":true}]}}