{"id":11173,"date":"2024-11-02T23:27:27","date_gmt":"2024-11-02T22:27:27","guid":{"rendered":"https:\/\/agora.xtec.cat\/ceip-fontfreda\/?p=11173"},"modified":"2024-11-02T23:27:27","modified_gmt":"2024-11-02T22:27:27","slug":"nova-app-recrea","status":"publish","type":"post","link":"https:\/\/agora.xtec.cat\/ceip-fontfreda\/afa\/nova-app-recrea\/","title":{"rendered":"Nova APP ReCrea"},"content":{"rendered":"<p><a href=\"https:\/\/agora.xtec.cat\/ceip-fontfreda\/wp-content\/uploads\/usu813\/2024\/11\/descarga.png\"><img loading=\"lazy\" decoding=\"async\" class=\"alignnone  wp-image-11175\" src=\"https:\/\/agora.xtec.cat\/ceip-fontfreda\/wp-content\/uploads\/usu813\/2024\/11\/descarga.png\" alt=\"\" width=\"109\" height=\"109\" srcset=\"https:\/\/agora.xtec.cat\/ceip-fontfreda\/wp-content\/uploads\/usu813\/2024\/11\/descarga.png 225w, https:\/\/agora.xtec.cat\/ceip-fontfreda\/wp-content\/uploads\/usu813\/2024\/11\/descarga-150x150.png 150w\" sizes=\"auto, (max-width: 109px) 100vw, 109px\" \/><\/a><\/p>\n<p>Hola fam\u00edlies,<\/p>\n<p>A continuaci\u00f3, teniu l&#8217;explicaci\u00f3 del funcionament de la nova APP ReCrea. A partir d&#8217;ara, amb aquesta aplicaci\u00f3 es gestionar\u00e0 tant l&#8217;assist\u00e8ncia com les comunicacions amb l&#8217;empresa de menjador (usuaris fixes i espor\u00e0dics).<\/p>\n<p>Us animeu ?<\/p>\n<p><a href=\"https:\/\/agora.xtec.cat\/ceip-fontfreda\/wp-content\/uploads\/usu813\/2024\/11\/APP-RECREA.pdf\">APP RECREA<\/a><\/p>\n<p>AFA Font Freda<\/p>\n<p>&nbsp;<\/p>\n<p>&nbsp;<\/p>\n","protected":false},"excerpt":{"rendered":"<p><a href=\"https:\/\/agora.xtec.cat\/ceip-fontfreda\/wp-content\/uploads\/usu813\/2024\/11\/descarga.png\"><\/a><br \/>\nHola fam\u00edlies,<br \/>\nA continuaci\u00f3, teniu l&#8217;explicaci\u00f3 del funcionament de la nova APP ReCrea. A partir d&#8217;ara, amb aquesta aplicaci\u00f3 es gestionar\u00e0 tant l&#8217;assist\u00e8ncia com les comunicacions amb l&#8217;empresa de menjador (usuaris fixes i espor\u00e0dics).<br \/>\nUs animeu ?<br \/>\n<a href=\"https:\/\/agora.xtec.cat\/ceip-fontfreda\/wp-content\/uploads\/usu813\/2024\/11\/APP-RECREA.pdf\">APP RECREA<\/a><br \/>\nAFA Font Freda<br \/>\n&nbsp;<br \/>\n&nbsp;<\/p>\n","protected":false},"author":53,"featured_media":0,"comment_status":"open","ping_status":"closed","sticky":false,"template":"","format":"standard","meta":{"_bbp_topic_count":0,"_bbp_reply_count":0,"_bbp_total_topic_count":0,"_bbp_total_reply_count":0,"_bbp_voice_count":0,"_bbp_anonymous_reply_count":0,"_bbp_topic_count_hidden":0,"_bbp_reply_count_hidden":0,"_bbp_forum_subforum_count":0,"footnotes":""},"categories":[7,71,79],"tags":[],"class_list":["post-11173","post","type-post","status-publish","format-standard","hentry","category-afa","category-informacions-afa","category-menjador"],"post_mailing_queue_ids":[],"_links":{"self":[{"href":"https:\/\/agora.xtec.cat\/ceip-fontfreda\/wp-json\/wp\/v2\/posts\/11173","targetHints":{"allow":["GET"]}}],"collection":[{"href":"https:\/\/agora.xtec.cat\/ceip-fontfreda\/wp-json\/wp\/v2\/posts"}],"about":[{"href":"https:\/\/agora.xtec.cat\/ceip-fontfreda\/wp-json\/wp\/v2\/types\/post"}],"author":[{"embeddable":true,"href":"https:\/\/agora.xtec.cat\/ceip-fontfreda\/wp-json\/wp\/v2\/users\/53"}],"replies":[{"embeddable":true,"href":"https:\/\/agora.xtec.cat\/ceip-fontfreda\/wp-json\/wp\/v2\/comments?post=11173"}],"version-history":[{"count":1,"href":"https:\/\/agora.xtec.cat\/ceip-fontfreda\/wp-json\/wp\/v2\/posts\/11173\/revisions"}],"predecessor-version":[{"id":11176,"href":"https:\/\/agora.xtec.cat\/ceip-fontfreda\/wp-json\/wp\/v2\/posts\/11173\/revisions\/11176"}],"wp:attachment":[{"href":"https:\/\/agora.xtec.cat\/ceip-fontfreda\/wp-json\/wp\/v2\/media?parent=11173"}],"wp:term":[{"taxonomy":"category","embeddable":true,"href":"https:\/\/agora.xtec.cat\/ceip-fontfreda\/wp-json\/wp\/v2\/categories?post=11173"},{"taxonomy":"post_tag","embeddable":true,"href":"https:\/\/agora.xtec.cat\/ceip-fontfreda\/wp-json\/wp\/v2\/tags?post=11173"}],"curies":[{"name":"wp","href":"https:\/\/api.w.org\/{rel}","templated":true}]}}