{"id":11170,"date":"2024-10-26T09:19:42","date_gmt":"2024-10-26T07:19:42","guid":{"rendered":"https:\/\/agora.xtec.cat\/ceip-fontfreda\/?p=11170"},"modified":"2024-10-26T09:19:42","modified_gmt":"2024-10-26T07:19:42","slug":"educacio-infantil-ambients-daprenentatge-2","status":"publish","type":"post","link":"https:\/\/agora.xtec.cat\/ceip-fontfreda\/infantil\/educacio-infantil-ambients-daprenentatge-2\/","title":{"rendered":"Educaci\u00f3 Infantil: Ambients d&#8217;Aprenentatge"},"content":{"rendered":"<p><a href=\"https:\/\/agora.xtec.cat\/ceip-fontfreda\/wp-content\/uploads\/usu813\/2024\/10\/1.2-300x200-1.jpg\"><img loading=\"lazy\" decoding=\"async\" class=\"alignnone size-full wp-image-11171\" src=\"https:\/\/agora.xtec.cat\/ceip-fontfreda\/wp-content\/uploads\/usu813\/2024\/10\/1.2-300x200-1.jpg\" alt=\"\" width=\"300\" height=\"200\" \/><\/a><\/p>\n<p>Hola fam\u00edlies!<\/p>\n<p>Hem iniciat els Ambients d&#8217;Aprenentatge i ho volem compartir amb tots vosaltres!<\/p>\n<p>Els Ambients s\u00f3n espais educatius dissenyats i programats amb l\u2019objectiu de crear situacions d\u2019aprenentatge integrals on els infants puguin desenvolupar diferents capacitats i compet\u00e8ncies.<\/p>\n<p>A continuaci\u00f3, us oferim un recull de fotografies dels diferents espais: minimons, experimentaci\u00f3, construccions, llum i joc simb\u00f2lic!<\/p>\n<p><a href=\"https:\/\/drive.google.com\/drive\/folders\/1fB99oHJzdnRHzJJUxfBa_SpaNAtHg4Yw?usp=sharing\">Ambients d&#8217;Aprenentatge<\/a><\/p>\n<p>Equip de Mestres d&#8217;Infantil<\/p>\n","protected":false},"excerpt":{"rendered":"<p><a href=\"https:\/\/agora.xtec.cat\/ceip-fontfreda\/wp-content\/uploads\/usu813\/2024\/10\/1.2-300x200-1.jpg\"><\/a><br \/>\nHola fam\u00edlies!<br \/>\nHem iniciat els Ambients d&#8217;Aprenentatge i ho volem compartir amb tots vosaltres!<br \/>\nEls Ambients s\u00f3n espais educatius dissenyats i programats amb l\u2019objectiu de crear situacions d\u2019aprenentatge integrals on els infants puguin desenvolupar diferents capacitats i compet\u00e8ncies.<br \/>\nA continuaci\u00f3, us oferim un recull de fotografies dels&hellip;  <a href=\"https:\/\/agora.xtec.cat\/ceip-fontfreda\/infantil\/educacio-infantil-ambients-daprenentatge-2\/\" title=\"Read Educaci\u00f3 Infantil: Ambients d&#8217;Aprenentatge\">Llegeix m\u00e9s\u00bb<\/a><\/p>\n","protected":false},"author":53,"featured_media":0,"comment_status":"open","ping_status":"closed","sticky":false,"template":"","format":"standard","meta":{"_bbp_topic_count":0,"_bbp_reply_count":0,"_bbp_total_topic_count":0,"_bbp_total_reply_count":0,"_bbp_voice_count":0,"_bbp_anonymous_reply_count":0,"_bbp_topic_count_hidden":0,"_bbp_reply_count_hidden":0,"_bbp_forum_subforum_count":0,"footnotes":""},"categories":[3,8,9,2,4],"tags":[],"class_list":["post-11170","post","type-post","status-publish","format-standard","hentry","category-i3","category-i4","category-i5","category-infantil","category-portada"],"post_mailing_queue_ids":[],"_links":{"self":[{"href":"https:\/\/agora.xtec.cat\/ceip-fontfreda\/wp-json\/wp\/v2\/posts\/11170","targetHints":{"allow":["GET"]}}],"collection":[{"href":"https:\/\/agora.xtec.cat\/ceip-fontfreda\/wp-json\/wp\/v2\/posts"}],"about":[{"href":"https:\/\/agora.xtec.cat\/ceip-fontfreda\/wp-json\/wp\/v2\/types\/post"}],"author":[{"embeddable":true,"href":"https:\/\/agora.xtec.cat\/ceip-fontfreda\/wp-json\/wp\/v2\/users\/53"}],"replies":[{"embeddable":true,"href":"https:\/\/agora.xtec.cat\/ceip-fontfreda\/wp-json\/wp\/v2\/comments?post=11170"}],"version-history":[{"count":1,"href":"https:\/\/agora.xtec.cat\/ceip-fontfreda\/wp-json\/wp\/v2\/posts\/11170\/revisions"}],"predecessor-version":[{"id":11172,"href":"https:\/\/agora.xtec.cat\/ceip-fontfreda\/wp-json\/wp\/v2\/posts\/11170\/revisions\/11172"}],"wp:attachment":[{"href":"https:\/\/agora.xtec.cat\/ceip-fontfreda\/wp-json\/wp\/v2\/media?parent=11170"}],"wp:term":[{"taxonomy":"category","embeddable":true,"href":"https:\/\/agora.xtec.cat\/ceip-fontfreda\/wp-json\/wp\/v2\/categories?post=11170"},{"taxonomy":"post_tag","embeddable":true,"href":"https:\/\/agora.xtec.cat\/ceip-fontfreda\/wp-json\/wp\/v2\/tags?post=11170"}],"curies":[{"name":"wp","href":"https:\/\/api.w.org\/{rel}","templated":true}]}}