{"id":11161,"date":"2024-10-22T13:34:49","date_gmt":"2024-10-22T11:34:49","guid":{"rendered":"https:\/\/agora.xtec.cat\/ceip-fontfreda\/?p=11161"},"modified":"2024-10-24T09:26:16","modified_gmt":"2024-10-24T07:26:16","slug":"treballem-la-llum","status":"publish","type":"post","link":"https:\/\/agora.xtec.cat\/ceip-fontfreda\/general\/treballem-la-llum\/","title":{"rendered":"TREBALLEM LA LLUM"},"content":{"rendered":"<p>Aquest trimestre la classe de Bluey i les S\u00faperkitties estem treballant el projecte de la LLUM. Estem aprenent molt\u00edssimes caracter\u00edstiques com ara qu\u00e9 s\u00f3n els materials opacs, transl\u00facids o transparents. Com la llum es reflexa en els colors, tipus de llum: natural i artificial&#8230; Estem gaudint molt. Us deixem les imatges a continuaci\u00f3&#8230;<\/p>\n<p><a href=\"https:\/\/drive.google.com\/drive\/folders\/1dOj1jT7Y2-Q5LG6iM6_woNflWWheVCfQ?usp=sharing\" target=\"_blank\" rel=\"noopener\">Espai de llum<\/a><\/p>\n<p><a href=\"https:\/\/drive.google.com\/drive\/folders\/1hTtuMEEhgeVvlDzZvSzw933xDh59WmQX?usp=drive_link\" target=\"_blank\" rel=\"noopener\">Espai llum Llanternes<\/a><\/p>\n<p><a href=\"https:\/\/drive.google.com\/drive\/folders\/1pCoL1s8i1h5oMSjckK-1Ew3JKF0KF4Es?usp=sharing\" target=\"_blank\" rel=\"noopener\">Llum ultravioleta<\/a><\/p>\n<p>&nbsp;<\/p>\n","protected":false},"excerpt":{"rendered":"<p>Aquest trimestre la classe de Bluey i les S\u00faperkitties estem treballant el projecte de la LLUM. Estem aprenent molt\u00edssimes caracter\u00edstiques com ara qu\u00e9 s\u00f3n els materials opacs, transl\u00facids o transparents. Com la llum es reflexa en els colors, tipus de llum: natural i artificial&#8230; Estem&hellip;  <a href=\"https:\/\/agora.xtec.cat\/ceip-fontfreda\/general\/treballem-la-llum\/\" title=\"Read TREBALLEM LA LLUM\">Llegeix m\u00e9s\u00bb<\/a><\/p>\n","protected":false},"author":22,"featured_media":11169,"comment_status":"open","ping_status":"closed","sticky":false,"template":"","format":"standard","meta":{"_bbp_topic_count":0,"_bbp_reply_count":0,"_bbp_total_topic_count":0,"_bbp_total_reply_count":0,"_bbp_voice_count":0,"_bbp_anonymous_reply_count":0,"_bbp_topic_count_hidden":0,"_bbp_reply_count_hidden":0,"_bbp_forum_subforum_count":0,"footnotes":""},"categories":[1,9,4],"tags":[],"class_list":["post-11161","post","type-post","status-publish","format-standard","has-post-thumbnail","hentry","category-general","category-i5","category-portada"],"post_mailing_queue_ids":[],"_links":{"self":[{"href":"https:\/\/agora.xtec.cat\/ceip-fontfreda\/wp-json\/wp\/v2\/posts\/11161","targetHints":{"allow":["GET"]}}],"collection":[{"href":"https:\/\/agora.xtec.cat\/ceip-fontfreda\/wp-json\/wp\/v2\/posts"}],"about":[{"href":"https:\/\/agora.xtec.cat\/ceip-fontfreda\/wp-json\/wp\/v2\/types\/post"}],"author":[{"embeddable":true,"href":"https:\/\/agora.xtec.cat\/ceip-fontfreda\/wp-json\/wp\/v2\/users\/22"}],"replies":[{"embeddable":true,"href":"https:\/\/agora.xtec.cat\/ceip-fontfreda\/wp-json\/wp\/v2\/comments?post=11161"}],"version-history":[{"count":3,"href":"https:\/\/agora.xtec.cat\/ceip-fontfreda\/wp-json\/wp\/v2\/posts\/11161\/revisions"}],"predecessor-version":[{"id":11168,"href":"https:\/\/agora.xtec.cat\/ceip-fontfreda\/wp-json\/wp\/v2\/posts\/11161\/revisions\/11168"}],"wp:featuredmedia":[{"embeddable":true,"href":"https:\/\/agora.xtec.cat\/ceip-fontfreda\/wp-json\/wp\/v2\/media\/11169"}],"wp:attachment":[{"href":"https:\/\/agora.xtec.cat\/ceip-fontfreda\/wp-json\/wp\/v2\/media?parent=11161"}],"wp:term":[{"taxonomy":"category","embeddable":true,"href":"https:\/\/agora.xtec.cat\/ceip-fontfreda\/wp-json\/wp\/v2\/categories?post=11161"},{"taxonomy":"post_tag","embeddable":true,"href":"https:\/\/agora.xtec.cat\/ceip-fontfreda\/wp-json\/wp\/v2\/tags?post=11161"}],"curies":[{"name":"wp","href":"https:\/\/api.w.org\/{rel}","templated":true}]}}