{"id":11150,"date":"2024-10-19T23:02:56","date_gmt":"2024-10-19T21:02:56","guid":{"rendered":"https:\/\/agora.xtec.cat\/ceip-fontfreda\/?p=11150"},"modified":"2024-10-19T23:02:56","modified_gmt":"2024-10-19T21:02:56","slug":"samarreta-50-aniversari","status":"publish","type":"post","link":"https:\/\/agora.xtec.cat\/ceip-fontfreda\/afa\/samarreta-50-aniversari\/","title":{"rendered":"Samarreta 50 Aniversari"},"content":{"rendered":"<p>Hola fam\u00edlies!<\/p>\n<p>Els <strong>SOCIS i S\u00d2CIES<\/strong> de l&#8217;AFA Font Freda ja poden fer la reserva per TPVescola de la samarreta del 50 aniversari de l&#8217;escola!<\/p>\n<p>\u00c9s l&#8217;obsequi pel vostre suport! Molt\u00edssimes gr\u00e0cies per col\u00b7laborar amb nosaltres!<\/p>\n<p><a href=\"https:\/\/agora.xtec.cat\/ceip-fontfreda\/wp-content\/uploads\/usu813\/2024\/10\/1729371408784.jpg\"><img loading=\"lazy\" decoding=\"async\" class=\"alignnone  wp-image-11151\" src=\"https:\/\/agora.xtec.cat\/ceip-fontfreda\/wp-content\/uploads\/usu813\/2024\/10\/1729371408784-828x1024.jpg\" alt=\"\" width=\"317\" height=\"392\" srcset=\"https:\/\/agora.xtec.cat\/ceip-fontfreda\/wp-content\/uploads\/usu813\/2024\/10\/1729371408784-828x1024.jpg 828w, https:\/\/agora.xtec.cat\/ceip-fontfreda\/wp-content\/uploads\/usu813\/2024\/10\/1729371408784-243x300.jpg 243w, https:\/\/agora.xtec.cat\/ceip-fontfreda\/wp-content\/uploads\/usu813\/2024\/10\/1729371408784-768x949.jpg 768w, https:\/\/agora.xtec.cat\/ceip-fontfreda\/wp-content\/uploads\/usu813\/2024\/10\/1729371408784.jpg 1080w\" sizes=\"auto, (max-width: 317px) 100vw, 317px\" \/><\/a><\/p>\n","protected":false},"excerpt":{"rendered":"<p>Hola fam\u00edlies!<br \/>\nEls SOCIS i S\u00d2CIES de l&#8217;AFA Font Freda ja poden fer la reserva per TPVescola de la samarreta del 50 aniversari de l&#8217;escola!<br \/>\n\u00c9s l&#8217;obsequi pel vostre suport! Molt\u00edssimes gr\u00e0cies per col\u00b7laborar amb nosaltres!<br \/>\n<a href=\"https:\/\/agora.xtec.cat\/ceip-fontfreda\/wp-content\/uploads\/usu813\/2024\/10\/1729371408784.jpg\"><\/a><\/p>\n","protected":false},"author":53,"featured_media":0,"comment_status":"open","ping_status":"closed","sticky":false,"template":"","format":"standard","meta":{"_bbp_topic_count":0,"_bbp_reply_count":0,"_bbp_total_topic_count":0,"_bbp_total_reply_count":0,"_bbp_voice_count":0,"_bbp_anonymous_reply_count":0,"_bbp_topic_count_hidden":0,"_bbp_reply_count_hidden":0,"_bbp_forum_subforum_count":0,"footnotes":""},"categories":[7,71],"tags":[],"class_list":["post-11150","post","type-post","status-publish","format-standard","hentry","category-afa","category-informacions-afa"],"post_mailing_queue_ids":[],"_links":{"self":[{"href":"https:\/\/agora.xtec.cat\/ceip-fontfreda\/wp-json\/wp\/v2\/posts\/11150","targetHints":{"allow":["GET"]}}],"collection":[{"href":"https:\/\/agora.xtec.cat\/ceip-fontfreda\/wp-json\/wp\/v2\/posts"}],"about":[{"href":"https:\/\/agora.xtec.cat\/ceip-fontfreda\/wp-json\/wp\/v2\/types\/post"}],"author":[{"embeddable":true,"href":"https:\/\/agora.xtec.cat\/ceip-fontfreda\/wp-json\/wp\/v2\/users\/53"}],"replies":[{"embeddable":true,"href":"https:\/\/agora.xtec.cat\/ceip-fontfreda\/wp-json\/wp\/v2\/comments?post=11150"}],"version-history":[{"count":1,"href":"https:\/\/agora.xtec.cat\/ceip-fontfreda\/wp-json\/wp\/v2\/posts\/11150\/revisions"}],"predecessor-version":[{"id":11152,"href":"https:\/\/agora.xtec.cat\/ceip-fontfreda\/wp-json\/wp\/v2\/posts\/11150\/revisions\/11152"}],"wp:attachment":[{"href":"https:\/\/agora.xtec.cat\/ceip-fontfreda\/wp-json\/wp\/v2\/media?parent=11150"}],"wp:term":[{"taxonomy":"category","embeddable":true,"href":"https:\/\/agora.xtec.cat\/ceip-fontfreda\/wp-json\/wp\/v2\/categories?post=11150"},{"taxonomy":"post_tag","embeddable":true,"href":"https:\/\/agora.xtec.cat\/ceip-fontfreda\/wp-json\/wp\/v2\/tags?post=11150"}],"curies":[{"name":"wp","href":"https:\/\/api.w.org\/{rel}","templated":true}]}}