{"id":11105,"date":"2024-09-17T23:22:42","date_gmt":"2024-09-17T21:22:42","guid":{"rendered":"https:\/\/agora.xtec.cat\/ceip-fontfreda\/?p=11105"},"modified":"2024-09-17T23:22:42","modified_gmt":"2024-09-17T21:22:42","slug":"educacio-infantil-primers-dies-a-i3","status":"publish","type":"post","link":"https:\/\/agora.xtec.cat\/ceip-fontfreda\/general\/educacio-infantil-primers-dies-a-i3\/","title":{"rendered":"Educaci\u00f3 Infantil: Primers dies a i3"},"content":{"rendered":"<p><a href=\"https:\/\/agora.xtec.cat\/ceip-fontfreda\/wp-content\/uploads\/usu813\/2024\/09\/Dibuix-adaptacio-a-la-llar-5-1-1024x621-1.jpg\"><img loading=\"lazy\" decoding=\"async\" class=\"alignnone  wp-image-11106\" src=\"https:\/\/agora.xtec.cat\/ceip-fontfreda\/wp-content\/uploads\/usu813\/2024\/09\/Dibuix-adaptacio-a-la-llar-5-1-1024x621-1.jpg\" alt=\"\" width=\"292\" height=\"177\" srcset=\"https:\/\/agora.xtec.cat\/ceip-fontfreda\/wp-content\/uploads\/usu813\/2024\/09\/Dibuix-adaptacio-a-la-llar-5-1-1024x621-1.jpg 1024w, https:\/\/agora.xtec.cat\/ceip-fontfreda\/wp-content\/uploads\/usu813\/2024\/09\/Dibuix-adaptacio-a-la-llar-5-1-1024x621-1-300x182.jpg 300w, https:\/\/agora.xtec.cat\/ceip-fontfreda\/wp-content\/uploads\/usu813\/2024\/09\/Dibuix-adaptacio-a-la-llar-5-1-1024x621-1-768x466.jpg 768w\" sizes=\"auto, (max-width: 292px) 100vw, 292px\" \/><\/a><\/p>\n<p>Hola fam\u00edlies!<\/p>\n<p>Els nens i nenes d&#8217;infantil 3 s&#8217;estan adaptant poc a poc a l&#8217;escola. Ho estan fent d&#8217;all\u00f2 m\u00e9s b\u00e9! Ho voleu veure?<\/p>\n<p><a href=\"https:\/\/drive.google.com\/drive\/folders\/1YO5sOkdyE8va5UepD74RVrfyjUB5jFcO?usp=sharing\">Fotografies infantil 3<\/a><\/p>\n<p>Volem felicitar a les fam\u00edlies per la seva col\u00b7laboraci\u00f3!<\/p>\n<p>Moltes gr\u00e0cies<\/p>\n<p>Mestres d&#8217;Eduaci\u00f3 Infantil<\/p>\n","protected":false},"excerpt":{"rendered":"<p><a href=\"https:\/\/agora.xtec.cat\/ceip-fontfreda\/wp-content\/uploads\/usu813\/2024\/09\/Dibuix-adaptacio-a-la-llar-5-1-1024x621-1.jpg\"><\/a><br \/>\nHola fam\u00edlies!<br \/>\nEls nens i nenes d&#8217;infantil 3 s&#8217;estan adaptant poc a poc a l&#8217;escola. Ho estan fent d&#8217;all\u00f2 m\u00e9s b\u00e9! Ho voleu veure?<br \/>\n<a href=\"https:\/\/drive.google.com\/drive\/folders\/1YO5sOkdyE8va5UepD74RVrfyjUB5jFcO?usp=sharing\">Fotografies infantil 3<\/a><br \/>\nVolem felicitar a les fam\u00edlies per la seva col\u00b7laboraci\u00f3!<br \/>\nMoltes gr\u00e0cies<br \/>\nMestres d&#8217;Eduaci\u00f3 Infantil<\/p>\n","protected":false},"author":53,"featured_media":0,"comment_status":"open","ping_status":"closed","sticky":false,"template":"","format":"standard","meta":{"_bbp_topic_count":0,"_bbp_reply_count":0,"_bbp_total_topic_count":0,"_bbp_total_reply_count":0,"_bbp_voice_count":0,"_bbp_anonymous_reply_count":0,"_bbp_topic_count_hidden":0,"_bbp_reply_count_hidden":0,"_bbp_forum_subforum_count":0,"footnotes":""},"categories":[1,3,2,4],"tags":[],"class_list":["post-11105","post","type-post","status-publish","format-standard","hentry","category-general","category-i3","category-infantil","category-portada"],"post_mailing_queue_ids":[],"_links":{"self":[{"href":"https:\/\/agora.xtec.cat\/ceip-fontfreda\/wp-json\/wp\/v2\/posts\/11105","targetHints":{"allow":["GET"]}}],"collection":[{"href":"https:\/\/agora.xtec.cat\/ceip-fontfreda\/wp-json\/wp\/v2\/posts"}],"about":[{"href":"https:\/\/agora.xtec.cat\/ceip-fontfreda\/wp-json\/wp\/v2\/types\/post"}],"author":[{"embeddable":true,"href":"https:\/\/agora.xtec.cat\/ceip-fontfreda\/wp-json\/wp\/v2\/users\/53"}],"replies":[{"embeddable":true,"href":"https:\/\/agora.xtec.cat\/ceip-fontfreda\/wp-json\/wp\/v2\/comments?post=11105"}],"version-history":[{"count":1,"href":"https:\/\/agora.xtec.cat\/ceip-fontfreda\/wp-json\/wp\/v2\/posts\/11105\/revisions"}],"predecessor-version":[{"id":11107,"href":"https:\/\/agora.xtec.cat\/ceip-fontfreda\/wp-json\/wp\/v2\/posts\/11105\/revisions\/11107"}],"wp:attachment":[{"href":"https:\/\/agora.xtec.cat\/ceip-fontfreda\/wp-json\/wp\/v2\/media?parent=11105"}],"wp:term":[{"taxonomy":"category","embeddable":true,"href":"https:\/\/agora.xtec.cat\/ceip-fontfreda\/wp-json\/wp\/v2\/categories?post=11105"},{"taxonomy":"post_tag","embeddable":true,"href":"https:\/\/agora.xtec.cat\/ceip-fontfreda\/wp-json\/wp\/v2\/tags?post=11105"}],"curies":[{"name":"wp","href":"https:\/\/api.w.org\/{rel}","templated":true}]}}