{"id":11068,"date":"2024-06-25T00:06:02","date_gmt":"2024-06-24T22:06:02","guid":{"rendered":"https:\/\/agora.xtec.cat\/ceip-fontfreda\/?p=11068"},"modified":"2024-06-25T00:06:02","modified_gmt":"2024-06-24T22:06:02","slug":"graduacio-i-comiat-de-p6","status":"publish","type":"post","link":"https:\/\/agora.xtec.cat\/ceip-fontfreda\/general\/graduacio-i-comiat-de-p6\/","title":{"rendered":"GRADUACI\u00d3 I COMIAT DE P6"},"content":{"rendered":"<p>El passat divendres 21 de juny vam celebrar la graduaci\u00f3 i el comiat de l&#8217;alumnat de sis\u00e8 que passa a l&#8217;institut amb un acte molt emotiu. Tota l&#8217;escola i les fam\u00edlies de sis\u00e8 vam poder acomiadar als nostres alumnes donant-los un detall fet pels cursos inferiors i una orla preparada per les fam\u00edlies.<\/p>\n<p>Despr\u00e9s de la llen\u00e7ada dels birrets, les fam\u00edlies amb els seus fills i filles van estar una estona junts compartint esmorzar i fent-se fotos al pati, per acabar visualitzant el video recopilatori de tota l&#8217;escolaritzaci\u00f3.<\/p>\n<p>Aqu\u00ed us deixo l&#8217;<a href=\"https:\/\/drive.google.com\/drive\/folders\/1-RyBvD_pYDODoy88Pt-PC7JlSFsjew1R?usp=drive_link\">enlla\u00e7 a les fotos<\/a> i uns videos d&#8217;aquell dia, del pas per l&#8217;escola i de l&#8217;especialista de m\u00fasica:<\/p>\n<p><iframe loading=\"lazy\" title=\"YouTube video player\" src=\"\/\/www.youtube.com\/embed\/ASb15-__35k?si=-ocyH5mImRASErNW\" width=\"560\" height=\"315\" frameborder=\"0\" allowfullscreen=\"allowfullscreen\"><\/iframe><\/p>\n<p><iframe loading=\"lazy\" title=\"YouTube video player\" src=\"\/\/www.youtube.com\/embed\/irMLhXAaPzk?si=Ut7-93dclNljZYR3\" width=\"560\" height=\"315\" frameborder=\"0\" allowfullscreen=\"allowfullscreen\"><\/iframe><\/p>\n<p><iframe loading=\"lazy\" title=\"YouTube video player\" src=\"\/\/www.youtube.com\/embed\/VxLUmLIXVOI?si=fLOLHe_IQoI1YJbY\" width=\"560\" height=\"315\" frameborder=\"0\" allowfullscreen=\"allowfullscreen\"><\/iframe><\/p>\n","protected":false},"excerpt":{"rendered":"<p>El passat divendres 21 de juny vam celebrar la graduaci\u00f3 i el comiat de l&#8217;alumnat de sis\u00e8 que passa a l&#8217;institut amb un acte molt emotiu. Tota l&#8217;escola i les fam\u00edlies de sis\u00e8 vam poder acomiadar als nostres alumnes donant-los un detall fet pels cursos&hellip;  <a href=\"https:\/\/agora.xtec.cat\/ceip-fontfreda\/general\/graduacio-i-comiat-de-p6\/\" title=\"Read GRADUACI\u00d3 I COMIAT DE P6\">Llegeix m\u00e9s\u00bb<\/a><\/p>\n","protected":false},"author":13,"featured_media":11069,"comment_status":"open","ping_status":"closed","sticky":false,"template":"","format":"standard","meta":{"_bbp_topic_count":0,"_bbp_reply_count":0,"_bbp_total_topic_count":0,"_bbp_total_reply_count":0,"_bbp_voice_count":0,"_bbp_anonymous_reply_count":0,"_bbp_topic_count_hidden":0,"_bbp_reply_count_hidden":0,"_bbp_forum_subforum_count":0,"footnotes":""},"categories":[15,1,75,4,5],"tags":[],"class_list":["post-11068","post","type-post","status-publish","format-standard","has-post-thumbnail","hentry","category-6e","category-general","category-mus","category-portada","category-primaria"],"post_mailing_queue_ids":[],"_links":{"self":[{"href":"https:\/\/agora.xtec.cat\/ceip-fontfreda\/wp-json\/wp\/v2\/posts\/11068","targetHints":{"allow":["GET"]}}],"collection":[{"href":"https:\/\/agora.xtec.cat\/ceip-fontfreda\/wp-json\/wp\/v2\/posts"}],"about":[{"href":"https:\/\/agora.xtec.cat\/ceip-fontfreda\/wp-json\/wp\/v2\/types\/post"}],"author":[{"embeddable":true,"href":"https:\/\/agora.xtec.cat\/ceip-fontfreda\/wp-json\/wp\/v2\/users\/13"}],"replies":[{"embeddable":true,"href":"https:\/\/agora.xtec.cat\/ceip-fontfreda\/wp-json\/wp\/v2\/comments?post=11068"}],"version-history":[{"count":1,"href":"https:\/\/agora.xtec.cat\/ceip-fontfreda\/wp-json\/wp\/v2\/posts\/11068\/revisions"}],"predecessor-version":[{"id":11070,"href":"https:\/\/agora.xtec.cat\/ceip-fontfreda\/wp-json\/wp\/v2\/posts\/11068\/revisions\/11070"}],"wp:featuredmedia":[{"embeddable":true,"href":"https:\/\/agora.xtec.cat\/ceip-fontfreda\/wp-json\/wp\/v2\/media\/11069"}],"wp:attachment":[{"href":"https:\/\/agora.xtec.cat\/ceip-fontfreda\/wp-json\/wp\/v2\/media?parent=11068"}],"wp:term":[{"taxonomy":"category","embeddable":true,"href":"https:\/\/agora.xtec.cat\/ceip-fontfreda\/wp-json\/wp\/v2\/categories?post=11068"},{"taxonomy":"post_tag","embeddable":true,"href":"https:\/\/agora.xtec.cat\/ceip-fontfreda\/wp-json\/wp\/v2\/tags?post=11068"}],"curies":[{"name":"wp","href":"https:\/\/api.w.org\/{rel}","templated":true}]}}