{"id":11063,"date":"2024-06-24T22:25:20","date_gmt":"2024-06-24T20:25:20","guid":{"rendered":"https:\/\/agora.xtec.cat\/ceip-fontfreda\/?p=11063"},"modified":"2024-06-24T22:25:20","modified_gmt":"2024-06-24T20:25:20","slug":"cantania-el-naufragi","status":"publish","type":"post","link":"https:\/\/agora.xtec.cat\/ceip-fontfreda\/general\/cantania-el-naufragi\/","title":{"rendered":"CANTANIA: EL NAUFRAGI"},"content":{"rendered":"<p>Despr\u00e9s de passar el curs estudiant a fons la cant\u00e0nia d&#8217;aquest any titulada &#8220;El naufragi&#8221;, l&#8217;alummat de cinqu\u00e8 va poder anar a l&#8217;Auditori de Barcelona a fer una gran posada en escena !<\/p>\n<p>A classe vam treballar els textos i les can\u00e7ons, ens vam aprendre les coreografies i teniem enllestits tots els materials pl\u00e0stics (el coco, barret de l&#8217;empresa cocos S.A. i la fulla de palmera)<\/p>\n<p>Una gran experi\u00e8ncia que l&#8217;alumnat no oblidar\u00e0.<\/p>\n<p>Aqu\u00ed us deixo un video resum dels \u00faltims dies on vam fer una actuaci\u00f3 a l&#8217;escola per l&#8217;alumnat de P4:<\/p>\n<p><iframe loading=\"lazy\" title=\"YouTube video player\" src=\"\/\/www.youtube.com\/embed\/8Sj81FjlUNI?si=7n69tzaAgs2RzwLS\" width=\"560\" height=\"315\" frameborder=\"0\" allowfullscreen=\"allowfullscreen\"><\/iframe><\/p>\n","protected":false},"excerpt":{"rendered":"<p>Despr\u00e9s de passar el curs estudiant a fons la cant\u00e0nia d&#8217;aquest any titulada &#8220;El naufragi&#8221;, l&#8217;alummat de cinqu\u00e8 va poder anar a l&#8217;Auditori de Barcelona a fer una gran posada en escena !<br \/>\nA classe vam treballar els textos i les can\u00e7ons, ens vam aprendre les&hellip;  <a href=\"https:\/\/agora.xtec.cat\/ceip-fontfreda\/general\/cantania-el-naufragi\/\" title=\"Read CANTANIA: EL NAUFRAGI\">Llegeix m\u00e9s\u00bb<\/a><\/p>\n","protected":false},"author":13,"featured_media":11065,"comment_status":"open","ping_status":"closed","sticky":false,"template":"","format":"standard","meta":{"_bbp_topic_count":0,"_bbp_reply_count":0,"_bbp_total_topic_count":0,"_bbp_total_reply_count":0,"_bbp_voice_count":0,"_bbp_anonymous_reply_count":0,"_bbp_topic_count_hidden":0,"_bbp_reply_count_hidden":0,"_bbp_forum_subforum_count":0,"footnotes":""},"categories":[14,73,1,75,4],"tags":[150,70],"class_list":["post-11063","post","type-post","status-publish","format-standard","has-post-thumbnail","hentry","category-5e","category-especialitats","category-general","category-mus","category-portada","tag-cantania","tag-musica"],"post_mailing_queue_ids":[],"_links":{"self":[{"href":"https:\/\/agora.xtec.cat\/ceip-fontfreda\/wp-json\/wp\/v2\/posts\/11063","targetHints":{"allow":["GET"]}}],"collection":[{"href":"https:\/\/agora.xtec.cat\/ceip-fontfreda\/wp-json\/wp\/v2\/posts"}],"about":[{"href":"https:\/\/agora.xtec.cat\/ceip-fontfreda\/wp-json\/wp\/v2\/types\/post"}],"author":[{"embeddable":true,"href":"https:\/\/agora.xtec.cat\/ceip-fontfreda\/wp-json\/wp\/v2\/users\/13"}],"replies":[{"embeddable":true,"href":"https:\/\/agora.xtec.cat\/ceip-fontfreda\/wp-json\/wp\/v2\/comments?post=11063"}],"version-history":[{"count":1,"href":"https:\/\/agora.xtec.cat\/ceip-fontfreda\/wp-json\/wp\/v2\/posts\/11063\/revisions"}],"predecessor-version":[{"id":11067,"href":"https:\/\/agora.xtec.cat\/ceip-fontfreda\/wp-json\/wp\/v2\/posts\/11063\/revisions\/11067"}],"wp:featuredmedia":[{"embeddable":true,"href":"https:\/\/agora.xtec.cat\/ceip-fontfreda\/wp-json\/wp\/v2\/media\/11065"}],"wp:attachment":[{"href":"https:\/\/agora.xtec.cat\/ceip-fontfreda\/wp-json\/wp\/v2\/media?parent=11063"}],"wp:term":[{"taxonomy":"category","embeddable":true,"href":"https:\/\/agora.xtec.cat\/ceip-fontfreda\/wp-json\/wp\/v2\/categories?post=11063"},{"taxonomy":"post_tag","embeddable":true,"href":"https:\/\/agora.xtec.cat\/ceip-fontfreda\/wp-json\/wp\/v2\/tags?post=11063"}],"curies":[{"name":"wp","href":"https:\/\/api.w.org\/{rel}","templated":true}]}}