{"id":11056,"date":"2024-06-23T19:31:55","date_gmt":"2024-06-23T17:31:55","guid":{"rendered":"https:\/\/agora.xtec.cat\/ceip-fontfreda\/?p=11056"},"modified":"2024-06-24T22:03:50","modified_gmt":"2024-06-24T20:03:50","slug":"dona-la-nota-accio-climatica-ods-13","status":"publish","type":"post","link":"https:\/\/agora.xtec.cat\/ceip-fontfreda\/general\/dona-la-nota-accio-climatica-ods-13\/","title":{"rendered":"D\u00d3NA LA NOTA: acci\u00f3 clim\u00e0tica ODS 13"},"content":{"rendered":"<p><span style=\"font-weight: 400;\">El <\/span><b>dilluns 3 de juny<\/b><span style=\"font-weight: 400;\"> a l\u2019hora del pati tota l\u2019escola es va reunir per cantar una can\u00e7\u00f3 <\/span><span style=\"font-weight: 400;\">per reivindicar temes socials vinculats al m\u00f3n educatiu i en especial als ODS (13. Acci\u00f3 Clim\u00e0tica). En aquest cas <\/span><span style=\"font-weight: 400;\">volem que els qui ens representen a les institucions escoltin el nostre clam i prenguin les mesures adequades per tal de pal\u00b7liar aquesta cat\u00e0strofe clim\u00e0tica.\u00a0<\/span><\/p>\n<p><span style=\"font-weight: 400;\">La can\u00e7\u00f3 que van cantar va ser \u201c<\/span><b>No ens desdibuixeu<\/b><span style=\"font-weight: 400;\">\u201d <\/span><span style=\"font-weight: 400;\">amb un missatge clar i contundent que ens el fan arribar els m\u00e9s joves de la nostra societat als adults encarregats de preservar per a ells un m\u00f3n sostenible. Si cliqueu <a href=\"https:\/\/cdapaucasals.com\/dona-la-nota-2020\/#\">aqu\u00ed<\/a> podreu escoltar-la i saber m\u00e9s del projecte.<\/span><\/p>\n<p>Els ecodelegats i ecodelegades van llegir un manifest i vam presentar el nostre comit\u00e9 ambiental, amb membres pas, de menjador, d&#8217;alumnat,\u00a0 docents i fam\u00edlies, que a partir del curs vinent treballaran junts per fer de l&#8217;escola un espai m\u00e9s sostenible.<\/p>\n<p><iframe loading=\"lazy\" title=\"YouTube video player\" src=\"\/\/www.youtube.com\/embed\/MobmTYoYjvg?si=aGGcQUmky1I1Z2MG\" width=\"560\" height=\"315\" frameborder=\"0\" allowfullscreen=\"allowfullscreen\"><\/iframe><\/p>\n<p>Teniu les <a href=\"https:\/\/drive.google.com\/drive\/folders\/1-PTEakvZFHXO7sjM7PPTlUYB6ASvcqiH?usp=drive_link\">fotos penjades d&#8217;aquell acte<\/a> !<\/p>\n<p>&nbsp;<\/p>\n<p>&nbsp;<\/p>\n<p>&nbsp;<\/p>\n","protected":false},"excerpt":{"rendered":"<p>El dilluns 3 de juny a l\u2019hora del pati tota l\u2019escola es va reunir per cantar una can\u00e7\u00f3 per reivindicar temes socials vinculats al m\u00f3n educatiu i en especial als ODS (13. Acci\u00f3 Clim\u00e0tica). En aquest cas volem que els qui ens representen a les&hellip;  <a href=\"https:\/\/agora.xtec.cat\/ceip-fontfreda\/general\/dona-la-nota-accio-climatica-ods-13\/\" title=\"Read D\u00d3NA LA NOTA: acci\u00f3 clim\u00e0tica ODS 13\">Llegeix m\u00e9s\u00bb<\/a><\/p>\n","protected":false},"author":13,"featured_media":11057,"comment_status":"open","ping_status":"closed","sticky":false,"template":"","format":"standard","meta":{"_bbp_topic_count":0,"_bbp_reply_count":0,"_bbp_total_topic_count":0,"_bbp_total_reply_count":0,"_bbp_voice_count":0,"_bbp_anonymous_reply_count":0,"_bbp_topic_count_hidden":0,"_bbp_reply_count_hidden":0,"_bbp_forum_subforum_count":0,"footnotes":""},"categories":[146,1,4],"tags":[164],"class_list":["post-11056","post","type-post","status-publish","format-standard","has-post-thumbnail","hentry","category-escoles-verdes","category-general","category-portada","tag-escolesverdes"],"post_mailing_queue_ids":[],"_links":{"self":[{"href":"https:\/\/agora.xtec.cat\/ceip-fontfreda\/wp-json\/wp\/v2\/posts\/11056","targetHints":{"allow":["GET"]}}],"collection":[{"href":"https:\/\/agora.xtec.cat\/ceip-fontfreda\/wp-json\/wp\/v2\/posts"}],"about":[{"href":"https:\/\/agora.xtec.cat\/ceip-fontfreda\/wp-json\/wp\/v2\/types\/post"}],"author":[{"embeddable":true,"href":"https:\/\/agora.xtec.cat\/ceip-fontfreda\/wp-json\/wp\/v2\/users\/13"}],"replies":[{"embeddable":true,"href":"https:\/\/agora.xtec.cat\/ceip-fontfreda\/wp-json\/wp\/v2\/comments?post=11056"}],"version-history":[{"count":3,"href":"https:\/\/agora.xtec.cat\/ceip-fontfreda\/wp-json\/wp\/v2\/posts\/11056\/revisions"}],"predecessor-version":[{"id":11062,"href":"https:\/\/agora.xtec.cat\/ceip-fontfreda\/wp-json\/wp\/v2\/posts\/11056\/revisions\/11062"}],"wp:featuredmedia":[{"embeddable":true,"href":"https:\/\/agora.xtec.cat\/ceip-fontfreda\/wp-json\/wp\/v2\/media\/11057"}],"wp:attachment":[{"href":"https:\/\/agora.xtec.cat\/ceip-fontfreda\/wp-json\/wp\/v2\/media?parent=11056"}],"wp:term":[{"taxonomy":"category","embeddable":true,"href":"https:\/\/agora.xtec.cat\/ceip-fontfreda\/wp-json\/wp\/v2\/categories?post=11056"},{"taxonomy":"post_tag","embeddable":true,"href":"https:\/\/agora.xtec.cat\/ceip-fontfreda\/wp-json\/wp\/v2\/tags?post=11056"}],"curies":[{"name":"wp","href":"https:\/\/api.w.org\/{rel}","templated":true}]}}