{"id":11050,"date":"2024-06-19T22:34:31","date_gmt":"2024-06-19T20:34:31","guid":{"rendered":"https:\/\/agora.xtec.cat\/ceip-fontfreda\/?p=11050"},"modified":"2024-06-19T22:34:31","modified_gmt":"2024-06-19T20:34:31","slug":"la-fabrica-de-colors","status":"publish","type":"post","link":"https:\/\/agora.xtec.cat\/ceip-fontfreda\/general\/la-fabrica-de-colors\/","title":{"rendered":"LA F\u00c0BRICA DE COLORS"},"content":{"rendered":"<p>El passat 4 de juny l&#8217;alumnat de P1 va anar al teatre a cantar la cantata &#8220;La f\u00e0brica de colors&#8221;, cantata que han estat practicant a la classe de m\u00fasica al llarg del curs. Aqui us deixem un <a href=\"https:\/\/drive.google.com\/drive\/folders\/1-AMHLQ7qQ7DdJqnZ808NDF-2ZyYMtkdb?usp=drive_link\">enlla\u00e7 amb les fotos<\/a> que van fer la organitzaci\u00f3 del concert, i tamb\u00e9 un video resum del concert que van fer abans a les classes de i5 i 6\u00e8.<\/p>\n<p>Un fort aplaudiment per aquest petits grans m\u00fasics !!<\/p>\n<p><iframe loading=\"lazy\" title=\"YouTube video player\" src=\"\/\/www.youtube.com\/embed\/QOjbucwzB4E?si=KUeMZTTZnWd6YBdl\" width=\"560\" height=\"315\" frameborder=\"0\" allowfullscreen=\"allowfullscreen\"><\/iframe><\/p>\n","protected":false},"excerpt":{"rendered":"<p>El passat 4 de juny l&#8217;alumnat de P1 va anar al teatre a cantar la cantata &#8220;La f\u00e0brica de colors&#8221;, cantata que han estat practicant a la classe de m\u00fasica al llarg del curs. Aqui us deixem un <a href=\"https:\/\/drive.google.com\/drive\/folders\/1-AMHLQ7qQ7DdJqnZ808NDF-2ZyYMtkdb?usp=drive_link\">enlla\u00e7 amb les fotos<\/a> que van&hellip;  <a href=\"https:\/\/agora.xtec.cat\/ceip-fontfreda\/general\/la-fabrica-de-colors\/\" title=\"Read LA F\u00c0BRICA DE COLORS\">Llegeix m\u00e9s\u00bb<\/a><\/p>\n","protected":false},"author":13,"featured_media":11051,"comment_status":"open","ping_status":"closed","sticky":false,"template":"","format":"standard","meta":{"_bbp_topic_count":0,"_bbp_reply_count":0,"_bbp_total_topic_count":0,"_bbp_total_reply_count":0,"_bbp_voice_count":0,"_bbp_anonymous_reply_count":0,"_bbp_topic_count_hidden":0,"_bbp_reply_count_hidden":0,"_bbp_forum_subforum_count":0,"footnotes":""},"categories":[10,1,75,4],"tags":[130,70,163,56],"class_list":["post-11050","post","type-post","status-publish","format-standard","has-post-thumbnail","hentry","category-1r","category-general","category-mus","category-portada","tag-1r","tag-musica","tag-p1","tag-primer"],"post_mailing_queue_ids":[],"_links":{"self":[{"href":"https:\/\/agora.xtec.cat\/ceip-fontfreda\/wp-json\/wp\/v2\/posts\/11050","targetHints":{"allow":["GET"]}}],"collection":[{"href":"https:\/\/agora.xtec.cat\/ceip-fontfreda\/wp-json\/wp\/v2\/posts"}],"about":[{"href":"https:\/\/agora.xtec.cat\/ceip-fontfreda\/wp-json\/wp\/v2\/types\/post"}],"author":[{"embeddable":true,"href":"https:\/\/agora.xtec.cat\/ceip-fontfreda\/wp-json\/wp\/v2\/users\/13"}],"replies":[{"embeddable":true,"href":"https:\/\/agora.xtec.cat\/ceip-fontfreda\/wp-json\/wp\/v2\/comments?post=11050"}],"version-history":[{"count":1,"href":"https:\/\/agora.xtec.cat\/ceip-fontfreda\/wp-json\/wp\/v2\/posts\/11050\/revisions"}],"predecessor-version":[{"id":11052,"href":"https:\/\/agora.xtec.cat\/ceip-fontfreda\/wp-json\/wp\/v2\/posts\/11050\/revisions\/11052"}],"wp:featuredmedia":[{"embeddable":true,"href":"https:\/\/agora.xtec.cat\/ceip-fontfreda\/wp-json\/wp\/v2\/media\/11051"}],"wp:attachment":[{"href":"https:\/\/agora.xtec.cat\/ceip-fontfreda\/wp-json\/wp\/v2\/media?parent=11050"}],"wp:term":[{"taxonomy":"category","embeddable":true,"href":"https:\/\/agora.xtec.cat\/ceip-fontfreda\/wp-json\/wp\/v2\/categories?post=11050"},{"taxonomy":"post_tag","embeddable":true,"href":"https:\/\/agora.xtec.cat\/ceip-fontfreda\/wp-json\/wp\/v2\/tags?post=11050"}],"curies":[{"name":"wp","href":"https:\/\/api.w.org\/{rel}","templated":true}]}}