{"id":11042,"date":"2024-06-19T20:57:26","date_gmt":"2024-06-19T18:57:26","guid":{"rendered":"https:\/\/agora.xtec.cat\/ceip-fontfreda\/?p=11042"},"modified":"2024-06-19T20:57:58","modified_gmt":"2024-06-19T18:57:58","slug":"educacio-infantil-expressio-artistica-a-i5","status":"publish","type":"post","link":"https:\/\/agora.xtec.cat\/ceip-fontfreda\/general\/educacio-infantil-expressio-artistica-a-i5\/","title":{"rendered":"Educaci\u00f3 Infantil: Expressi\u00f3 Art\u00edstica a i5"},"content":{"rendered":"<p><a href=\"https:\/\/agora.xtec.cat\/ceip-fontfreda\/wp-content\/uploads\/usu813\/2024\/06\/IMG_20210428_100624.jpg\"><img loading=\"lazy\" decoding=\"async\" class=\"alignnone wp-image-11043\" src=\"https:\/\/agora.xtec.cat\/ceip-fontfreda\/wp-content\/uploads\/usu813\/2024\/06\/IMG_20210428_100624-1024x768.jpg\" alt=\"\" width=\"287\" height=\"215\" srcset=\"https:\/\/agora.xtec.cat\/ceip-fontfreda\/wp-content\/uploads\/usu813\/2024\/06\/IMG_20210428_100624-1024x768.jpg 1024w, https:\/\/agora.xtec.cat\/ceip-fontfreda\/wp-content\/uploads\/usu813\/2024\/06\/IMG_20210428_100624-300x225.jpg 300w, https:\/\/agora.xtec.cat\/ceip-fontfreda\/wp-content\/uploads\/usu813\/2024\/06\/IMG_20210428_100624-768x576.jpg 768w, https:\/\/agora.xtec.cat\/ceip-fontfreda\/wp-content\/uploads\/usu813\/2024\/06\/IMG_20210428_100624-200x150.jpg 200w, https:\/\/agora.xtec.cat\/ceip-fontfreda\/wp-content\/uploads\/usu813\/2024\/06\/IMG_20210428_100624.jpg 1230w\" sizes=\"auto, (max-width: 287px) 100vw, 287px\" \/><\/a><\/p>\n<p>Hola fam\u00edlies,<\/p>\n<p>Aquests dies experimentem i ens expressem com uns veritables artistes!!<\/p>\n<p>Hem embolicat les taules de la nostra aula amb film transparent i ens hem expressat lliurement mitjan\u00e7ant t\u00e8mperes l\u00edquides de colors i pinzells, tot escoltant les quatre estacions de Vivaldi. Ha estat una experiencia molt interessant i ho volem compartir amb tots vosaltres!!<\/p>\n<p><a href=\"https:\/\/drive.google.com\/drive\/folders\/1Sv13RGkHKyDq7Nh-3LA_szGZllJTWrf3?usp=sharing\">Expressi\u00f3 art\u00edstica a i5<\/a><\/p>\n<p>&nbsp;<\/p>\n","protected":false},"excerpt":{"rendered":"<p><a href=\"https:\/\/agora.xtec.cat\/ceip-fontfreda\/wp-content\/uploads\/usu813\/2024\/06\/IMG_20210428_100624.jpg\"><\/a><br \/>\nHola fam\u00edlies,<br \/>\nAquests dies experimentem i ens expressem com uns veritables artistes!!<br \/>\nHem embolicat les taules de la nostra aula amb film transparent i ens hem expressat lliurement mitjan\u00e7ant t\u00e8mperes l\u00edquides de colors i pinzells, tot escoltant les quatre estacions de Vivaldi. Ha estat una experiencia&hellip;  <a href=\"https:\/\/agora.xtec.cat\/ceip-fontfreda\/general\/educacio-infantil-expressio-artistica-a-i5\/\" title=\"Read Educaci\u00f3 Infantil: Expressi\u00f3 Art\u00edstica a i5\">Llegeix m\u00e9s\u00bb<\/a><\/p>\n","protected":false},"author":53,"featured_media":0,"comment_status":"open","ping_status":"closed","sticky":false,"template":"","format":"standard","meta":{"_bbp_topic_count":0,"_bbp_reply_count":0,"_bbp_total_topic_count":0,"_bbp_total_reply_count":0,"_bbp_voice_count":0,"_bbp_anonymous_reply_count":0,"_bbp_topic_count_hidden":0,"_bbp_reply_count_hidden":0,"_bbp_forum_subforum_count":0,"footnotes":""},"categories":[1,9,2,4],"tags":[],"class_list":["post-11042","post","type-post","status-publish","format-standard","hentry","category-general","category-i5","category-infantil","category-portada"],"post_mailing_queue_ids":[],"_links":{"self":[{"href":"https:\/\/agora.xtec.cat\/ceip-fontfreda\/wp-json\/wp\/v2\/posts\/11042","targetHints":{"allow":["GET"]}}],"collection":[{"href":"https:\/\/agora.xtec.cat\/ceip-fontfreda\/wp-json\/wp\/v2\/posts"}],"about":[{"href":"https:\/\/agora.xtec.cat\/ceip-fontfreda\/wp-json\/wp\/v2\/types\/post"}],"author":[{"embeddable":true,"href":"https:\/\/agora.xtec.cat\/ceip-fontfreda\/wp-json\/wp\/v2\/users\/53"}],"replies":[{"embeddable":true,"href":"https:\/\/agora.xtec.cat\/ceip-fontfreda\/wp-json\/wp\/v2\/comments?post=11042"}],"version-history":[{"count":2,"href":"https:\/\/agora.xtec.cat\/ceip-fontfreda\/wp-json\/wp\/v2\/posts\/11042\/revisions"}],"predecessor-version":[{"id":11045,"href":"https:\/\/agora.xtec.cat\/ceip-fontfreda\/wp-json\/wp\/v2\/posts\/11042\/revisions\/11045"}],"wp:attachment":[{"href":"https:\/\/agora.xtec.cat\/ceip-fontfreda\/wp-json\/wp\/v2\/media?parent=11042"}],"wp:term":[{"taxonomy":"category","embeddable":true,"href":"https:\/\/agora.xtec.cat\/ceip-fontfreda\/wp-json\/wp\/v2\/categories?post=11042"},{"taxonomy":"post_tag","embeddable":true,"href":"https:\/\/agora.xtec.cat\/ceip-fontfreda\/wp-json\/wp\/v2\/tags?post=11042"}],"curies":[{"name":"wp","href":"https:\/\/api.w.org\/{rel}","templated":true}]}}