{"id":11039,"date":"2024-06-18T09:31:33","date_gmt":"2024-06-18T07:31:33","guid":{"rendered":"https:\/\/agora.xtec.cat\/ceip-fontfreda\/?p=11039"},"modified":"2024-06-18T09:31:33","modified_gmt":"2024-06-18T07:31:33","slug":"graduacio-i5-2","status":"publish","type":"post","link":"https:\/\/agora.xtec.cat\/ceip-fontfreda\/general\/graduacio-i5-2\/","title":{"rendered":"GRADUACI\u00d3 I5"},"content":{"rendered":"<p>Divendres es va celebrar a l&#8217;escola la graduaci\u00f3 de la classe dels peixos de i5, que passen ja a prim\u00e0ria !<\/p>\n<p>Us deixo un petit video resum de l&#8217;acte i les <a href=\"https:\/\/drive.google.com\/drive\/folders\/1RQsRY-9w9YYu9s08eGASfacmcebGJDnJ?usp=drive_link\">fotos<\/a>.<\/p>\n<p><iframe loading=\"lazy\" title=\"YouTube video player\" src=\"\/\/www.youtube.com\/embed\/W0eac_6WW7Y?si=SNt2aQE3VRRDxdF_\" width=\"560\" height=\"315\" frameborder=\"0\" allowfullscreen=\"allowfullscreen\"><\/iframe><\/p>\n<p>&nbsp;<\/p>\n<p>&nbsp;<\/p>\n","protected":false},"excerpt":{"rendered":"<p>Divendres es va celebrar a l&#8217;escola la graduaci\u00f3 de la classe dels peixos de i5, que passen ja a prim\u00e0ria !<br \/>\nUs deixo un petit video resum de l&#8217;acte i les <a href=\"https:\/\/drive.google.com\/drive\/folders\/1RQsRY-9w9YYu9s08eGASfacmcebGJDnJ?usp=drive_link\">fotos<\/a>.<\/p>\n<p>&nbsp;<br \/>\n&nbsp;<\/p>\n","protected":false},"author":13,"featured_media":11040,"comment_status":"open","ping_status":"closed","sticky":false,"template":"","format":"standard","meta":{"_bbp_topic_count":0,"_bbp_reply_count":0,"_bbp_total_topic_count":0,"_bbp_total_reply_count":0,"_bbp_voice_count":0,"_bbp_anonymous_reply_count":0,"_bbp_topic_count_hidden":0,"_bbp_reply_count_hidden":0,"_bbp_forum_subforum_count":0,"footnotes":""},"categories":[1,9,2,4],"tags":[162,126],"class_list":["post-11039","post","type-post","status-publish","format-standard","has-post-thumbnail","hentry","category-general","category-i5","category-infantil","category-portada","tag-graduacio","tag-i5"],"post_mailing_queue_ids":[],"_links":{"self":[{"href":"https:\/\/agora.xtec.cat\/ceip-fontfreda\/wp-json\/wp\/v2\/posts\/11039","targetHints":{"allow":["GET"]}}],"collection":[{"href":"https:\/\/agora.xtec.cat\/ceip-fontfreda\/wp-json\/wp\/v2\/posts"}],"about":[{"href":"https:\/\/agora.xtec.cat\/ceip-fontfreda\/wp-json\/wp\/v2\/types\/post"}],"author":[{"embeddable":true,"href":"https:\/\/agora.xtec.cat\/ceip-fontfreda\/wp-json\/wp\/v2\/users\/13"}],"replies":[{"embeddable":true,"href":"https:\/\/agora.xtec.cat\/ceip-fontfreda\/wp-json\/wp\/v2\/comments?post=11039"}],"version-history":[{"count":1,"href":"https:\/\/agora.xtec.cat\/ceip-fontfreda\/wp-json\/wp\/v2\/posts\/11039\/revisions"}],"predecessor-version":[{"id":11041,"href":"https:\/\/agora.xtec.cat\/ceip-fontfreda\/wp-json\/wp\/v2\/posts\/11039\/revisions\/11041"}],"wp:featuredmedia":[{"embeddable":true,"href":"https:\/\/agora.xtec.cat\/ceip-fontfreda\/wp-json\/wp\/v2\/media\/11040"}],"wp:attachment":[{"href":"https:\/\/agora.xtec.cat\/ceip-fontfreda\/wp-json\/wp\/v2\/media?parent=11039"}],"wp:term":[{"taxonomy":"category","embeddable":true,"href":"https:\/\/agora.xtec.cat\/ceip-fontfreda\/wp-json\/wp\/v2\/categories?post=11039"},{"taxonomy":"post_tag","embeddable":true,"href":"https:\/\/agora.xtec.cat\/ceip-fontfreda\/wp-json\/wp\/v2\/tags?post=11039"}],"curies":[{"name":"wp","href":"https:\/\/api.w.org\/{rel}","templated":true}]}}