{"id":11033,"date":"2024-05-31T06:54:54","date_gmt":"2024-05-31T04:54:54","guid":{"rendered":"https:\/\/agora.xtec.cat\/ceip-fontfreda\/?p=11033"},"modified":"2024-11-05T06:46:41","modified_gmt":"2024-11-05T05:46:41","slug":"potes-obertes-piscina","status":"publish","type":"post","link":"https:\/\/agora.xtec.cat\/ceip-fontfreda\/general\/potes-obertes-piscina\/","title":{"rendered":"Portes Obertes Piscina"},"content":{"rendered":"<p>Com ja sabeu, aquest Dilluns 27 de Maig hem tingut la \u00faltima sessi\u00f3 de piscina.<\/p>\n<p>Hem gaudit de la \u00faltima classe amb la companyia de les nostres fam\u00edlies que han tingut la oportunitat de veure els infants nedant en aquesta sessi\u00f3 de portes obertes.<\/p>\n<p>Ha estat una experi\u00e8ncia molt bonica i han apr\u00e8s a defensar-se dins l&#8217;aigua.<\/p>\n<p>Cliqueu sobre la imatge per veure les fotografies!<\/p>\n<p><a href=\"https:\/\/drive.google.com\/drive\/folders\/1pzubIeVQO39UYlEiUtJ5WjfF1WGRx5-A?usp=sharing\"><img loading=\"lazy\" decoding=\"async\" class=\"alignnone size-large wp-image-11034\" src=\"https:\/\/agora.xtec.cat\/ceip-fontfreda\/wp-content\/uploads\/usu813\/2024\/05\/girl-1296326_1280-1-1024x768.png\" alt=\"\" width=\"1024\" height=\"768\" srcset=\"https:\/\/agora.xtec.cat\/ceip-fontfreda\/wp-content\/uploads\/usu813\/2024\/05\/girl-1296326_1280-1-1024x768.png 1024w, https:\/\/agora.xtec.cat\/ceip-fontfreda\/wp-content\/uploads\/usu813\/2024\/05\/girl-1296326_1280-1-300x225.png 300w, https:\/\/agora.xtec.cat\/ceip-fontfreda\/wp-content\/uploads\/usu813\/2024\/05\/girl-1296326_1280-1-768x576.png 768w, https:\/\/agora.xtec.cat\/ceip-fontfreda\/wp-content\/uploads\/usu813\/2024\/05\/girl-1296326_1280-1-200x150.png 200w, https:\/\/agora.xtec.cat\/ceip-fontfreda\/wp-content\/uploads\/usu813\/2024\/05\/girl-1296326_1280-1.png 1280w\" sizes=\"auto, (max-width: 1024px) 100vw, 1024px\" \/><\/a><\/p>\n","protected":false},"excerpt":{"rendered":"<p>Com ja sabeu, aquest Dilluns 27 de Maig hem tingut la \u00faltima sessi\u00f3 de piscina.<br \/>\nHem gaudit de la \u00faltima classe amb la companyia de les nostres fam\u00edlies que han tingut la oportunitat de veure els infants nedant en aquesta sessi\u00f3 de portes obertes.<br \/>\nHa estat una&hellip;  <a href=\"https:\/\/agora.xtec.cat\/ceip-fontfreda\/general\/potes-obertes-piscina\/\" title=\"Read Portes Obertes Piscina\">Llegeix m\u00e9s\u00bb<\/a><\/p>\n","protected":false},"author":9,"featured_media":0,"comment_status":"open","ping_status":"closed","sticky":false,"template":"","format":"standard","meta":{"_bbp_topic_count":0,"_bbp_reply_count":0,"_bbp_total_topic_count":0,"_bbp_total_reply_count":0,"_bbp_voice_count":0,"_bbp_anonymous_reply_count":0,"_bbp_topic_count_hidden":0,"_bbp_reply_count_hidden":0,"_bbp_forum_subforum_count":0,"footnotes":""},"categories":[10,1,4],"tags":[],"class_list":["post-11033","post","type-post","status-publish","format-standard","hentry","category-1r","category-general","category-portada"],"post_mailing_queue_ids":[],"_links":{"self":[{"href":"https:\/\/agora.xtec.cat\/ceip-fontfreda\/wp-json\/wp\/v2\/posts\/11033","targetHints":{"allow":["GET"]}}],"collection":[{"href":"https:\/\/agora.xtec.cat\/ceip-fontfreda\/wp-json\/wp\/v2\/posts"}],"about":[{"href":"https:\/\/agora.xtec.cat\/ceip-fontfreda\/wp-json\/wp\/v2\/types\/post"}],"author":[{"embeddable":true,"href":"https:\/\/agora.xtec.cat\/ceip-fontfreda\/wp-json\/wp\/v2\/users\/9"}],"replies":[{"embeddable":true,"href":"https:\/\/agora.xtec.cat\/ceip-fontfreda\/wp-json\/wp\/v2\/comments?post=11033"}],"version-history":[{"count":2,"href":"https:\/\/agora.xtec.cat\/ceip-fontfreda\/wp-json\/wp\/v2\/posts\/11033\/revisions"}],"predecessor-version":[{"id":11182,"href":"https:\/\/agora.xtec.cat\/ceip-fontfreda\/wp-json\/wp\/v2\/posts\/11033\/revisions\/11182"}],"wp:attachment":[{"href":"https:\/\/agora.xtec.cat\/ceip-fontfreda\/wp-json\/wp\/v2\/media?parent=11033"}],"wp:term":[{"taxonomy":"category","embeddable":true,"href":"https:\/\/agora.xtec.cat\/ceip-fontfreda\/wp-json\/wp\/v2\/categories?post=11033"},{"taxonomy":"post_tag","embeddable":true,"href":"https:\/\/agora.xtec.cat\/ceip-fontfreda\/wp-json\/wp\/v2\/tags?post=11033"}],"curies":[{"name":"wp","href":"https:\/\/api.w.org\/{rel}","templated":true}]}}