{"id":11019,"date":"2024-05-31T06:38:53","date_gmt":"2024-05-31T04:38:53","guid":{"rendered":"https:\/\/agora.xtec.cat\/ceip-fontfreda\/?p=11019"},"modified":"2024-05-31T06:38:53","modified_gmt":"2024-05-31T04:38:53","slug":"els-oficis","status":"publish","type":"post","link":"https:\/\/agora.xtec.cat\/ceip-fontfreda\/general\/els-oficis\/","title":{"rendered":"Els Oficis"},"content":{"rendered":"<p>Al llarg del Tercer Trimestre l&#8217;alumnat de 1r ha apr\u00e8s moltes coses sobre els Oficis.<\/p>\n<p>Hem convidat a totes les fam\u00edlies a venir a l&#8217;escola a explicar-nos la seva feina i hem tingut la particicpaci\u00f3 de moltes fam\u00edlies.<\/p>\n<p>Ha estat una experi\u00e8ncia molt bonica per a tothom!<\/p>\n<p>Moltes gr\u00e0cies des de l&#8217;escola a totes les fam\u00edlies de 1r per ajudar-nos i aportar-nos els vostres coneixements i experi\u00e8ncies!<\/p>\n<p>Cliqueu sobre la imatge per veure les fotografies!<\/p>\n<p><a href=\"https:\/\/drive.google.com\/drive\/folders\/15JE85fxvYwUgUhXVJ_Jx-Qp06v92e0Iv?usp=sharing\"><img loading=\"lazy\" decoding=\"async\" class=\"alignnone size-large wp-image-11020\" src=\"https:\/\/agora.xtec.cat\/ceip-fontfreda\/wp-content\/uploads\/usu813\/2024\/05\/injection-5722329_1280-1-1024x683.jpg\" alt=\"\" width=\"1024\" height=\"683\" srcset=\"https:\/\/agora.xtec.cat\/ceip-fontfreda\/wp-content\/uploads\/usu813\/2024\/05\/injection-5722329_1280-1-1024x683.jpg 1024w, https:\/\/agora.xtec.cat\/ceip-fontfreda\/wp-content\/uploads\/usu813\/2024\/05\/injection-5722329_1280-1-300x200.jpg 300w, https:\/\/agora.xtec.cat\/ceip-fontfreda\/wp-content\/uploads\/usu813\/2024\/05\/injection-5722329_1280-1-768x512.jpg 768w, https:\/\/agora.xtec.cat\/ceip-fontfreda\/wp-content\/uploads\/usu813\/2024\/05\/injection-5722329_1280-1.jpg 1280w\" sizes=\"auto, (max-width: 1024px) 100vw, 1024px\" \/><\/a><\/p>\n","protected":false},"excerpt":{"rendered":"<p>Al llarg del Tercer Trimestre l&#8217;alumnat de 1r ha apr\u00e8s moltes coses sobre els Oficis.<br \/>\nHem convidat a totes les fam\u00edlies a venir a l&#8217;escola a explicar-nos la seva feina i hem tingut la particicpaci\u00f3 de moltes fam\u00edlies.<br \/>\nHa estat una experi\u00e8ncia molt bonica per a tothom!<br \/>\nMoltes&hellip;  <a href=\"https:\/\/agora.xtec.cat\/ceip-fontfreda\/general\/els-oficis\/\" title=\"Read Els Oficis\">Llegeix m\u00e9s\u00bb<\/a><\/p>\n","protected":false},"author":9,"featured_media":0,"comment_status":"open","ping_status":"closed","sticky":false,"template":"","format":"standard","meta":{"_bbp_topic_count":0,"_bbp_reply_count":0,"_bbp_total_topic_count":0,"_bbp_total_reply_count":0,"_bbp_voice_count":0,"_bbp_anonymous_reply_count":0,"_bbp_topic_count_hidden":0,"_bbp_reply_count_hidden":0,"_bbp_forum_subforum_count":0,"footnotes":""},"categories":[10,1,4],"tags":[],"class_list":["post-11019","post","type-post","status-publish","format-standard","hentry","category-1r","category-general","category-portada"],"post_mailing_queue_ids":[],"_links":{"self":[{"href":"https:\/\/agora.xtec.cat\/ceip-fontfreda\/wp-json\/wp\/v2\/posts\/11019","targetHints":{"allow":["GET"]}}],"collection":[{"href":"https:\/\/agora.xtec.cat\/ceip-fontfreda\/wp-json\/wp\/v2\/posts"}],"about":[{"href":"https:\/\/agora.xtec.cat\/ceip-fontfreda\/wp-json\/wp\/v2\/types\/post"}],"author":[{"embeddable":true,"href":"https:\/\/agora.xtec.cat\/ceip-fontfreda\/wp-json\/wp\/v2\/users\/9"}],"replies":[{"embeddable":true,"href":"https:\/\/agora.xtec.cat\/ceip-fontfreda\/wp-json\/wp\/v2\/comments?post=11019"}],"version-history":[{"count":1,"href":"https:\/\/agora.xtec.cat\/ceip-fontfreda\/wp-json\/wp\/v2\/posts\/11019\/revisions"}],"predecessor-version":[{"id":11021,"href":"https:\/\/agora.xtec.cat\/ceip-fontfreda\/wp-json\/wp\/v2\/posts\/11019\/revisions\/11021"}],"wp:attachment":[{"href":"https:\/\/agora.xtec.cat\/ceip-fontfreda\/wp-json\/wp\/v2\/media?parent=11019"}],"wp:term":[{"taxonomy":"category","embeddable":true,"href":"https:\/\/agora.xtec.cat\/ceip-fontfreda\/wp-json\/wp\/v2\/categories?post=11019"},{"taxonomy":"post_tag","embeddable":true,"href":"https:\/\/agora.xtec.cat\/ceip-fontfreda\/wp-json\/wp\/v2\/tags?post=11019"}],"curies":[{"name":"wp","href":"https:\/\/api.w.org\/{rel}","templated":true}]}}