{"id":11012,"date":"2024-05-31T06:28:24","date_gmt":"2024-05-31T04:28:24","guid":{"rendered":"https:\/\/agora.xtec.cat\/ceip-fontfreda\/?p=11012"},"modified":"2024-05-31T06:29:05","modified_gmt":"2024-05-31T04:29:05","slug":"bullying","status":"publish","type":"post","link":"https:\/\/agora.xtec.cat\/ceip-fontfreda\/general\/bullying\/","title":{"rendered":"Bullying"},"content":{"rendered":"<p>Al llarg del Tercer Trimestre hem treballat el projecte contra el Bullying al Cicle Inicial.<\/p>\n<p>Hem apr\u00e8s com detectar-ho i com ajudar a solucionar-ho per tal que l&#8217;alumnat comenci a prendre consci\u00e8ncia d&#8217;aquesta problem\u00e0tica social.<\/p>\n<p>Cliqueu sobre la imatge per veure les fotografies!<\/p>\n<p><a href=\"https:\/\/drive.google.com\/drive\/folders\/14XZsyOzoczNzzPdDWHBwttkmkOuMT7lw?usp=sharing\"><img loading=\"lazy\" decoding=\"async\" class=\"alignnone size-large wp-image-11013\" src=\"https:\/\/agora.xtec.cat\/ceip-fontfreda\/wp-content\/uploads\/usu813\/2024\/05\/lgbt-5267848_1280-1024x576.png\" alt=\"\" width=\"1024\" height=\"576\" srcset=\"https:\/\/agora.xtec.cat\/ceip-fontfreda\/wp-content\/uploads\/usu813\/2024\/05\/lgbt-5267848_1280-1024x576.png 1024w, https:\/\/agora.xtec.cat\/ceip-fontfreda\/wp-content\/uploads\/usu813\/2024\/05\/lgbt-5267848_1280-300x169.png 300w, https:\/\/agora.xtec.cat\/ceip-fontfreda\/wp-content\/uploads\/usu813\/2024\/05\/lgbt-5267848_1280-768x432.png 768w, https:\/\/agora.xtec.cat\/ceip-fontfreda\/wp-content\/uploads\/usu813\/2024\/05\/lgbt-5267848_1280.png 1280w\" sizes=\"auto, (max-width: 1024px) 100vw, 1024px\" \/><\/a><\/p>\n","protected":false},"excerpt":{"rendered":"<p>Al llarg del Tercer Trimestre hem treballat el projecte contra el Bullying al Cicle Inicial.<br \/>\nHem apr\u00e8s com detectar-ho i com ajudar a solucionar-ho per tal que l&#8217;alumnat comenci a prendre consci\u00e8ncia d&#8217;aquesta problem\u00e0tica social.<br \/>\nCliqueu sobre la imatge per veure les fotografies!<br \/>\n<a href=\"https:\/\/drive.google.com\/drive\/folders\/14XZsyOzoczNzzPdDWHBwttkmkOuMT7lw?usp=sharing\"><\/a><\/p>\n","protected":false},"author":9,"featured_media":0,"comment_status":"open","ping_status":"closed","sticky":false,"template":"","format":"standard","meta":{"_bbp_topic_count":0,"_bbp_reply_count":0,"_bbp_total_topic_count":0,"_bbp_total_reply_count":0,"_bbp_voice_count":0,"_bbp_anonymous_reply_count":0,"_bbp_topic_count_hidden":0,"_bbp_reply_count_hidden":0,"_bbp_forum_subforum_count":0,"footnotes":""},"categories":[10,1,4],"tags":[],"class_list":["post-11012","post","type-post","status-publish","format-standard","hentry","category-1r","category-general","category-portada"],"post_mailing_queue_ids":[],"_links":{"self":[{"href":"https:\/\/agora.xtec.cat\/ceip-fontfreda\/wp-json\/wp\/v2\/posts\/11012","targetHints":{"allow":["GET"]}}],"collection":[{"href":"https:\/\/agora.xtec.cat\/ceip-fontfreda\/wp-json\/wp\/v2\/posts"}],"about":[{"href":"https:\/\/agora.xtec.cat\/ceip-fontfreda\/wp-json\/wp\/v2\/types\/post"}],"author":[{"embeddable":true,"href":"https:\/\/agora.xtec.cat\/ceip-fontfreda\/wp-json\/wp\/v2\/users\/9"}],"replies":[{"embeddable":true,"href":"https:\/\/agora.xtec.cat\/ceip-fontfreda\/wp-json\/wp\/v2\/comments?post=11012"}],"version-history":[{"count":2,"href":"https:\/\/agora.xtec.cat\/ceip-fontfreda\/wp-json\/wp\/v2\/posts\/11012\/revisions"}],"predecessor-version":[{"id":11015,"href":"https:\/\/agora.xtec.cat\/ceip-fontfreda\/wp-json\/wp\/v2\/posts\/11012\/revisions\/11015"}],"wp:attachment":[{"href":"https:\/\/agora.xtec.cat\/ceip-fontfreda\/wp-json\/wp\/v2\/media?parent=11012"}],"wp:term":[{"taxonomy":"category","embeddable":true,"href":"https:\/\/agora.xtec.cat\/ceip-fontfreda\/wp-json\/wp\/v2\/categories?post=11012"},{"taxonomy":"post_tag","embeddable":true,"href":"https:\/\/agora.xtec.cat\/ceip-fontfreda\/wp-json\/wp\/v2\/tags?post=11012"}],"curies":[{"name":"wp","href":"https:\/\/api.w.org\/{rel}","templated":true}]}}