{"id":11005,"date":"2024-05-30T18:46:29","date_gmt":"2024-05-30T16:46:29","guid":{"rendered":"https:\/\/agora.xtec.cat\/ceip-fontfreda\/?p=11005"},"modified":"2024-05-30T18:46:29","modified_gmt":"2024-05-30T16:46:29","slug":"colonies-6e","status":"publish","type":"post","link":"https:\/\/agora.xtec.cat\/ceip-fontfreda\/general\/colonies-6e\/","title":{"rendered":"Col\u00f2nies 6\u00e8"},"content":{"rendered":"<p>Durant els dies 22, 23 i 24 de maig l&#8217;alumnat de 6\u00e8 ha gaudit d&#8217;uns dies de col\u00f2nies a la platja de Cambrils.<\/p>\n<p>Han realitzat un munt d&#8217;activitats a la sorra, al mar, a la piscina i al c\u00e0mping.<\/p>\n<p>S&#8217;han endut molts records i emocions d&#8217;aquests dies que els acompanyaran sempre.<\/p>\n<p><a href=\"https:\/\/drive.google.com\/drive\/folders\/1eHVi36l8PvCdzxL4mpStphLdTa6vI8sD?usp=sharing\" target=\"_blank\" rel=\"noopener\">1r dia<\/a><\/p>\n<p><a href=\"https:\/\/drive.google.com\/drive\/folders\/19PxJ55hq4O9rTT04L3nsdMoUQbs9Wc1z?usp=sharing\" target=\"_blank\" rel=\"noopener\">2n dia<\/a><\/p>\n<p><a href=\"https:\/\/drive.google.com\/drive\/folders\/1wQJyeNKPENWh3uu2qpx6la36bUs0_aiN?usp=sharing\" target=\"_blank\" rel=\"noopener\">3r dia<\/a><\/p>\n","protected":false},"excerpt":{"rendered":"<p>Durant els dies 22, 23 i 24 de maig l&#8217;alumnat de 6\u00e8 ha gaudit d&#8217;uns dies de col\u00f2nies a la platja de Cambrils.<br \/>\nHan realitzat un munt d&#8217;activitats a la sorra, al mar, a la piscina i al c\u00e0mping.<br \/>\nS&#8217;han endut molts records i emocions d&#8217;aquests dies&hellip;  <a href=\"https:\/\/agora.xtec.cat\/ceip-fontfreda\/general\/colonies-6e\/\" title=\"Read Col\u00f2nies 6\u00e8\">Llegeix m\u00e9s\u00bb<\/a><\/p>\n","protected":false},"author":23,"featured_media":11006,"comment_status":"open","ping_status":"closed","sticky":false,"template":"","format":"standard","meta":{"_bbp_topic_count":0,"_bbp_reply_count":0,"_bbp_total_topic_count":0,"_bbp_total_reply_count":0,"_bbp_voice_count":0,"_bbp_anonymous_reply_count":0,"_bbp_topic_count_hidden":0,"_bbp_reply_count_hidden":0,"_bbp_forum_subforum_count":0,"footnotes":""},"categories":[15,1,4,5],"tags":[],"class_list":["post-11005","post","type-post","status-publish","format-standard","has-post-thumbnail","hentry","category-6e","category-general","category-portada","category-primaria"],"post_mailing_queue_ids":[],"_links":{"self":[{"href":"https:\/\/agora.xtec.cat\/ceip-fontfreda\/wp-json\/wp\/v2\/posts\/11005","targetHints":{"allow":["GET"]}}],"collection":[{"href":"https:\/\/agora.xtec.cat\/ceip-fontfreda\/wp-json\/wp\/v2\/posts"}],"about":[{"href":"https:\/\/agora.xtec.cat\/ceip-fontfreda\/wp-json\/wp\/v2\/types\/post"}],"author":[{"embeddable":true,"href":"https:\/\/agora.xtec.cat\/ceip-fontfreda\/wp-json\/wp\/v2\/users\/23"}],"replies":[{"embeddable":true,"href":"https:\/\/agora.xtec.cat\/ceip-fontfreda\/wp-json\/wp\/v2\/comments?post=11005"}],"version-history":[{"count":2,"href":"https:\/\/agora.xtec.cat\/ceip-fontfreda\/wp-json\/wp\/v2\/posts\/11005\/revisions"}],"predecessor-version":[{"id":11008,"href":"https:\/\/agora.xtec.cat\/ceip-fontfreda\/wp-json\/wp\/v2\/posts\/11005\/revisions\/11008"}],"wp:featuredmedia":[{"embeddable":true,"href":"https:\/\/agora.xtec.cat\/ceip-fontfreda\/wp-json\/wp\/v2\/media\/11006"}],"wp:attachment":[{"href":"https:\/\/agora.xtec.cat\/ceip-fontfreda\/wp-json\/wp\/v2\/media?parent=11005"}],"wp:term":[{"taxonomy":"category","embeddable":true,"href":"https:\/\/agora.xtec.cat\/ceip-fontfreda\/wp-json\/wp\/v2\/categories?post=11005"},{"taxonomy":"post_tag","embeddable":true,"href":"https:\/\/agora.xtec.cat\/ceip-fontfreda\/wp-json\/wp\/v2\/tags?post=11005"}],"curies":[{"name":"wp","href":"https:\/\/api.w.org\/{rel}","templated":true}]}}