{"id":11002,"date":"2024-05-21T22:58:42","date_gmt":"2024-05-21T20:58:42","guid":{"rendered":"https:\/\/agora.xtec.cat\/ceip-fontfreda\/?p=11002"},"modified":"2024-05-21T22:59:58","modified_gmt":"2024-05-21T20:59:58","slug":"acords-de-un-dit-amb-lukelele","status":"publish","type":"post","link":"https:\/\/agora.xtec.cat\/ceip-fontfreda\/portada\/acords-de-un-dit-amb-lukelele\/","title":{"rendered":"Acords d&#8217;un dit amb l&#8217;ukelele !"},"content":{"rendered":"<p>Aquest trimestre a cinqu\u00e8 hem estat treballant els acords amb un dit amb l&#8217;ukelele.<\/p>\n<p>Hem treballat els canvis d&#8217;acords bessons i diferents ritmes de rasgueix.<\/p>\n<p>Aqu\u00ed us deixo un video amb dues de les \u00faltimes can\u00e7ons que hem treballat !<\/p>\n<p><iframe loading=\"lazy\" title=\"YouTube video player\" src=\"\/\/www.youtube.com\/embed\/IGrW5rxeLLA?si=6zZkXqsVFR6ZIDub\" width=\"560\" height=\"315\" frameborder=\"0\" allowfullscreen=\"allowfullscreen\"><\/iframe><\/p>\n<p>Que b\u00e9 sonen, oi?<\/p>\n","protected":false},"excerpt":{"rendered":"<p>Aquest trimestre a cinqu\u00e8 hem estat treballant els acords amb un dit amb l&#8217;ukelele.<br \/>\nHem treballat els canvis d&#8217;acords bessons i diferents ritmes de rasgueix.<br \/>\nAqu\u00ed us deixo un video amb dues de les \u00faltimes can\u00e7ons que hem treballat !<\/p>\n<p>Que b\u00e9 sonen, oi?<\/p>\n","protected":false},"author":13,"featured_media":9140,"comment_status":"open","ping_status":"closed","sticky":false,"template":"","format":"standard","meta":{"_bbp_topic_count":0,"_bbp_reply_count":0,"_bbp_total_topic_count":0,"_bbp_total_reply_count":0,"_bbp_voice_count":0,"_bbp_anonymous_reply_count":0,"_bbp_topic_count_hidden":0,"_bbp_reply_count_hidden":0,"_bbp_forum_subforum_count":0,"footnotes":""},"categories":[14,73,75,4],"tags":[],"class_list":["post-11002","post","type-post","status-publish","format-standard","has-post-thumbnail","hentry","category-5e","category-especialitats","category-mus","category-portada"],"post_mailing_queue_ids":[],"_links":{"self":[{"href":"https:\/\/agora.xtec.cat\/ceip-fontfreda\/wp-json\/wp\/v2\/posts\/11002","targetHints":{"allow":["GET"]}}],"collection":[{"href":"https:\/\/agora.xtec.cat\/ceip-fontfreda\/wp-json\/wp\/v2\/posts"}],"about":[{"href":"https:\/\/agora.xtec.cat\/ceip-fontfreda\/wp-json\/wp\/v2\/types\/post"}],"author":[{"embeddable":true,"href":"https:\/\/agora.xtec.cat\/ceip-fontfreda\/wp-json\/wp\/v2\/users\/13"}],"replies":[{"embeddable":true,"href":"https:\/\/agora.xtec.cat\/ceip-fontfreda\/wp-json\/wp\/v2\/comments?post=11002"}],"version-history":[{"count":2,"href":"https:\/\/agora.xtec.cat\/ceip-fontfreda\/wp-json\/wp\/v2\/posts\/11002\/revisions"}],"predecessor-version":[{"id":11004,"href":"https:\/\/agora.xtec.cat\/ceip-fontfreda\/wp-json\/wp\/v2\/posts\/11002\/revisions\/11004"}],"wp:featuredmedia":[{"embeddable":true,"href":"https:\/\/agora.xtec.cat\/ceip-fontfreda\/wp-json\/wp\/v2\/media\/9140"}],"wp:attachment":[{"href":"https:\/\/agora.xtec.cat\/ceip-fontfreda\/wp-json\/wp\/v2\/media?parent=11002"}],"wp:term":[{"taxonomy":"category","embeddable":true,"href":"https:\/\/agora.xtec.cat\/ceip-fontfreda\/wp-json\/wp\/v2\/categories?post=11002"},{"taxonomy":"post_tag","embeddable":true,"href":"https:\/\/agora.xtec.cat\/ceip-fontfreda\/wp-json\/wp\/v2\/tags?post=11002"}],"curies":[{"name":"wp","href":"https:\/\/api.w.org\/{rel}","templated":true}]}}