{"id":10998,"date":"2024-05-21T22:42:49","date_gmt":"2024-05-21T20:42:49","guid":{"rendered":"https:\/\/agora.xtec.cat\/ceip-fontfreda\/?p=10998"},"modified":"2024-05-21T22:59:12","modified_gmt":"2024-05-21T20:59:12","slug":"ii-english-day","status":"publish","type":"post","link":"https:\/\/agora.xtec.cat\/ceip-fontfreda\/general\/ii-english-day\/","title":{"rendered":"II ENGLISH DAY"},"content":{"rendered":"<p>El passat divendres 10 de maig vam poder gaudir a l&#8217;escola del II English day organitzat pels nostres especialistes d&#8217;angl\u00e8s amb la col\u00b7laboraci\u00f3 del departament d&#8217;angl\u00e8s de l&#8217;institut Mir\u00f3. Aix\u00ed van venir a l&#8217;escola una vuitantena d&#8217;estudiants de 3r i 4rt de la ESO que al llarg del curs han estat preparant uns tallers pel nostre alumnat que es va organitzar per cicles i van passar el mat\u00ed gaudint de diverses activitats, on l&#8217;objectiu final era fer \u00fas de la llengua anglesa en un context l\u00fadic.<\/p>\n<p>Vam tenir activitats de yoga, de storytelling, de joc i moviment, de papirofl\u00e8xia, de ball i fins i tot vam preparar un esmorzar per cicle superior i l&#8217;alumnat de la ESO que consistia en uns pancakes i uns sandwiches.<\/p>\n<p>Volem agra\u00efr enormement la implicaci\u00f3 dels professors d&#8217;angl\u00e8s de l&#8217;institut Mir\u00f3 per fer-nos passar una magn\u00edfica jornada.<\/p>\n<p>Aqu\u00ed us deixem un video resum i unes fotos per a que us feu una idea de la jornada.<\/p>\n<p><iframe loading=\"lazy\" title=\"YouTube video player\" src=\"\/\/www.youtube.com\/embed\/XkQHsHfox_c?si=nPXBF_kWCWSU9bWN\" width=\"560\" height=\"315\" frameborder=\"0\" allowfullscreen=\"allowfullscreen\"><\/iframe><\/p>\n<p>&nbsp;<\/p>\n<p><a href=\"https:\/\/drive.google.com\/drive\/folders\/1wL_yMJnLlzgJPeWRa6BHJETuUldM_GZW?usp=drive_link\">Fotos<\/a><\/p>\n","protected":false},"excerpt":{"rendered":"<p>El passat divendres 10 de maig vam poder gaudir a l&#8217;escola del II English day organitzat pels nostres especialistes d&#8217;angl\u00e8s amb la col\u00b7laboraci\u00f3 del departament d&#8217;angl\u00e8s de l&#8217;institut Mir\u00f3. Aix\u00ed van venir a l&#8217;escola una vuitantena d&#8217;estudiants de 3r i 4rt de la ESO que&hellip;  <a href=\"https:\/\/agora.xtec.cat\/ceip-fontfreda\/general\/ii-english-day\/\" title=\"Read II ENGLISH DAY\">Llegeix m\u00e9s\u00bb<\/a><\/p>\n","protected":false},"author":13,"featured_media":11000,"comment_status":"open","ping_status":"closed","sticky":false,"template":"","format":"standard","meta":{"_bbp_topic_count":0,"_bbp_reply_count":0,"_bbp_total_topic_count":0,"_bbp_total_reply_count":0,"_bbp_voice_count":0,"_bbp_anonymous_reply_count":0,"_bbp_topic_count_hidden":0,"_bbp_reply_count_hidden":0,"_bbp_forum_subforum_count":0,"footnotes":""},"categories":[10,11,12,13,14,15,76,73,1,3,8,9,2,4,5],"tags":[],"class_list":["post-10998","post","type-post","status-publish","format-standard","has-post-thumbnail","hentry","category-1r","category-2n","category-3r","category-4t","category-5e","category-6e","category-eng","category-especialitats","category-general","category-i3","category-i4","category-i5","category-infantil","category-portada","category-primaria"],"post_mailing_queue_ids":[],"_links":{"self":[{"href":"https:\/\/agora.xtec.cat\/ceip-fontfreda\/wp-json\/wp\/v2\/posts\/10998","targetHints":{"allow":["GET"]}}],"collection":[{"href":"https:\/\/agora.xtec.cat\/ceip-fontfreda\/wp-json\/wp\/v2\/posts"}],"about":[{"href":"https:\/\/agora.xtec.cat\/ceip-fontfreda\/wp-json\/wp\/v2\/types\/post"}],"author":[{"embeddable":true,"href":"https:\/\/agora.xtec.cat\/ceip-fontfreda\/wp-json\/wp\/v2\/users\/13"}],"replies":[{"embeddable":true,"href":"https:\/\/agora.xtec.cat\/ceip-fontfreda\/wp-json\/wp\/v2\/comments?post=10998"}],"version-history":[{"count":1,"href":"https:\/\/agora.xtec.cat\/ceip-fontfreda\/wp-json\/wp\/v2\/posts\/10998\/revisions"}],"predecessor-version":[{"id":11001,"href":"https:\/\/agora.xtec.cat\/ceip-fontfreda\/wp-json\/wp\/v2\/posts\/10998\/revisions\/11001"}],"wp:featuredmedia":[{"embeddable":true,"href":"https:\/\/agora.xtec.cat\/ceip-fontfreda\/wp-json\/wp\/v2\/media\/11000"}],"wp:attachment":[{"href":"https:\/\/agora.xtec.cat\/ceip-fontfreda\/wp-json\/wp\/v2\/media?parent=10998"}],"wp:term":[{"taxonomy":"category","embeddable":true,"href":"https:\/\/agora.xtec.cat\/ceip-fontfreda\/wp-json\/wp\/v2\/categories?post=10998"},{"taxonomy":"post_tag","embeddable":true,"href":"https:\/\/agora.xtec.cat\/ceip-fontfreda\/wp-json\/wp\/v2\/tags?post=10998"}],"curies":[{"name":"wp","href":"https:\/\/api.w.org\/{rel}","templated":true}]}}