{"id":10994,"date":"2024-05-07T13:35:54","date_gmt":"2024-05-07T11:35:54","guid":{"rendered":"https:\/\/agora.xtec.cat\/ceip-fontfreda\/?p=10994"},"modified":"2024-05-07T13:35:54","modified_gmt":"2024-05-07T11:35:54","slug":"4t-b-visitem-lhort-comunitari-de-mas-duran","status":"publish","type":"post","link":"https:\/\/agora.xtec.cat\/ceip-fontfreda\/primaria\/4t-b-visitem-lhort-comunitari-de-mas-duran\/","title":{"rendered":"4t B visitem l&#8217;hort comunitari de Mas Duran!"},"content":{"rendered":"<p>&nbsp;<\/p>\n<p>Aquest mat\u00ed les nenes i els nens de 4t B hem fet una bona passejada per Montcada fins arribar al parc de la Llacuna, on hem visitat l&#8217;hort comunitari de Mas Duran. Hem pogut observar i con\u00e8ixer de primera m\u00e0 com \u00e9s un hort comunitari i quines mesures ecol\u00f2giques s&#8217;utilitzen per tenir cura del medi ambient. Tamb\u00e9 hem pogut olorar plantes arom\u00e0tiques i&#8230;fins i tot hem pogut tastar una flor! Per acabar, hem ajudat a la Jana, la noia que ens ha fet la visita, a transportar palla i herbes. Ens ho hem passat d&#8217;all\u00f2 m\u00e9s b\u00e9!<\/p>\n<p><a href=\"https:\/\/drive.google.com\/drive\/folders\/1pXzzjmfke4rxpqI0osYfq1ObBbm20Jms?hl=es_ES\">CLICA AQU\u00cd PER VEURE EL NOSTRE MAT\u00cd A L&#8217;HORT!<\/a><\/p>\n","protected":false},"excerpt":{"rendered":"<p>&nbsp;<br \/>\nAquest mat\u00ed les nenes i els nens de 4t B hem fet una bona passejada per Montcada fins arribar al parc de la Llacuna, on hem visitat l&#8217;hort comunitari de Mas Duran. Hem pogut observar i con\u00e8ixer de primera m\u00e0 com \u00e9s un hort comunitari&hellip;  <a href=\"https:\/\/agora.xtec.cat\/ceip-fontfreda\/primaria\/4t-b-visitem-lhort-comunitari-de-mas-duran\/\" title=\"Read 4t B visitem l&#8217;hort comunitari de Mas Duran!\">Llegeix m\u00e9s\u00bb<\/a><\/p>\n","protected":false},"author":1,"featured_media":10996,"comment_status":"open","ping_status":"closed","sticky":false,"template":"","format":"standard","meta":{"_bbp_topic_count":0,"_bbp_reply_count":0,"_bbp_total_topic_count":0,"_bbp_total_reply_count":0,"_bbp_voice_count":0,"_bbp_anonymous_reply_count":0,"_bbp_topic_count_hidden":0,"_bbp_reply_count_hidden":0,"_bbp_forum_subforum_count":0,"footnotes":""},"categories":[13,146,5],"tags":[],"class_list":["post-10994","post","type-post","status-publish","format-standard","has-post-thumbnail","hentry","category-4t","category-escoles-verdes","category-primaria"],"post_mailing_queue_ids":[],"_links":{"self":[{"href":"https:\/\/agora.xtec.cat\/ceip-fontfreda\/wp-json\/wp\/v2\/posts\/10994","targetHints":{"allow":["GET"]}}],"collection":[{"href":"https:\/\/agora.xtec.cat\/ceip-fontfreda\/wp-json\/wp\/v2\/posts"}],"about":[{"href":"https:\/\/agora.xtec.cat\/ceip-fontfreda\/wp-json\/wp\/v2\/types\/post"}],"author":[{"embeddable":true,"href":"https:\/\/agora.xtec.cat\/ceip-fontfreda\/wp-json\/wp\/v2\/users\/1"}],"replies":[{"embeddable":true,"href":"https:\/\/agora.xtec.cat\/ceip-fontfreda\/wp-json\/wp\/v2\/comments?post=10994"}],"version-history":[{"count":1,"href":"https:\/\/agora.xtec.cat\/ceip-fontfreda\/wp-json\/wp\/v2\/posts\/10994\/revisions"}],"predecessor-version":[{"id":10997,"href":"https:\/\/agora.xtec.cat\/ceip-fontfreda\/wp-json\/wp\/v2\/posts\/10994\/revisions\/10997"}],"wp:featuredmedia":[{"embeddable":true,"href":"https:\/\/agora.xtec.cat\/ceip-fontfreda\/wp-json\/wp\/v2\/media\/10996"}],"wp:attachment":[{"href":"https:\/\/agora.xtec.cat\/ceip-fontfreda\/wp-json\/wp\/v2\/media?parent=10994"}],"wp:term":[{"taxonomy":"category","embeddable":true,"href":"https:\/\/agora.xtec.cat\/ceip-fontfreda\/wp-json\/wp\/v2\/categories?post=10994"},{"taxonomy":"post_tag","embeddable":true,"href":"https:\/\/agora.xtec.cat\/ceip-fontfreda\/wp-json\/wp\/v2\/tags?post=10994"}],"curies":[{"name":"wp","href":"https:\/\/api.w.org\/{rel}","templated":true}]}}