{"id":10952,"date":"2024-03-17T20:24:12","date_gmt":"2024-03-17T19:24:12","guid":{"rendered":"https:\/\/agora.xtec.cat\/ceip-fontfreda\/?p=10952"},"modified":"2024-03-17T20:24:12","modified_gmt":"2024-03-17T19:24:12","slug":"taller-de-dansa-i-percussio-africana-2","status":"publish","type":"post","link":"https:\/\/agora.xtec.cat\/ceip-fontfreda\/general\/taller-de-dansa-i-percussio-africana-2\/","title":{"rendered":"TALLER DE DANSA I PERCUSSI\u00d3 AFRICANA"},"content":{"rendered":"<p>El dilluns 11 de mar\u00e7 l&#8217;alumnat de cinqu\u00e8 i sis\u00e8 va participar en el taller de dansa i percussi\u00f3 africana.<\/p>\n<p>Durant el taller vam con\u00e8ixer un munt d&#8217;instruments d&#8217;\u00c0frica de l&#8217;Oest i mentre cantava can\u00e7ons apreniem del valor de les seves lletres i la riquesa del poble Malink\u00e9.<\/p>\n<p>Si voleu veure com van tocar els djemb\u00e9s l&#8217;alumnat de cinqu\u00e8, cliqueu aqu\u00ed:<\/p>\n<p><a href=\"https:\/\/drive.google.com\/drive\/folders\/1-6A3InLmkfOhv49G3NNSII_B15aQL7-f?usp=drive_link\"><img loading=\"lazy\" decoding=\"async\" class=\"wp-image-10954 alignleft\" src=\"https:\/\/agora.xtec.cat\/ceip-fontfreda\/wp-content\/uploads\/usu813\/2024\/03\/taller-percussio-22-1-scaled.jpg\" alt=\"\" width=\"210\" height=\"157\" srcset=\"https:\/\/agora.xtec.cat\/ceip-fontfreda\/wp-content\/uploads\/usu813\/2024\/03\/taller-percussio-22-1-scaled.jpg 2560w, https:\/\/agora.xtec.cat\/ceip-fontfreda\/wp-content\/uploads\/usu813\/2024\/03\/taller-percussio-22-1-300x225.jpg 300w, https:\/\/agora.xtec.cat\/ceip-fontfreda\/wp-content\/uploads\/usu813\/2024\/03\/taller-percussio-22-1-1024x768.jpg 1024w, https:\/\/agora.xtec.cat\/ceip-fontfreda\/wp-content\/uploads\/usu813\/2024\/03\/taller-percussio-22-1-768x576.jpg 768w, https:\/\/agora.xtec.cat\/ceip-fontfreda\/wp-content\/uploads\/usu813\/2024\/03\/taller-percussio-22-1-1536x1152.jpg 1536w, https:\/\/agora.xtec.cat\/ceip-fontfreda\/wp-content\/uploads\/usu813\/2024\/03\/taller-percussio-22-1-2048x1536.jpg 2048w, https:\/\/agora.xtec.cat\/ceip-fontfreda\/wp-content\/uploads\/usu813\/2024\/03\/taller-percussio-22-1-200x150.jpg 200w\" sizes=\"auto, (max-width: 210px) 100vw, 210px\" \/><\/a><\/p>\n<p>&nbsp;<\/p>\n<p>&nbsp;<\/p>\n<p>&nbsp;<\/p>\n<p>&nbsp;<\/p>\n<p>Si voleu veure com van ballar l&#8217;alumnat de sis\u00e8, cliqueu aqu\u00ed:<\/p>\n<p><a href=\"https:\/\/drive.google.com\/drive\/folders\/15Slgvm5d63Ng__Gciy0y0XNJkcOIWGuR?usp=drive_link\"><img loading=\"lazy\" decoding=\"async\" class=\"wp-image-10953 alignleft\" src=\"https:\/\/agora.xtec.cat\/ceip-fontfreda\/wp-content\/uploads\/usu813\/2024\/03\/taller-dansa-14-scaled.jpg\" alt=\"\" width=\"274\" height=\"154\" srcset=\"https:\/\/agora.xtec.cat\/ceip-fontfreda\/wp-content\/uploads\/usu813\/2024\/03\/taller-dansa-14-scaled.jpg 2560w, https:\/\/agora.xtec.cat\/ceip-fontfreda\/wp-content\/uploads\/usu813\/2024\/03\/taller-dansa-14-300x169.jpg 300w, https:\/\/agora.xtec.cat\/ceip-fontfreda\/wp-content\/uploads\/usu813\/2024\/03\/taller-dansa-14-1024x576.jpg 1024w, https:\/\/agora.xtec.cat\/ceip-fontfreda\/wp-content\/uploads\/usu813\/2024\/03\/taller-dansa-14-768x432.jpg 768w, https:\/\/agora.xtec.cat\/ceip-fontfreda\/wp-content\/uploads\/usu813\/2024\/03\/taller-dansa-14-1536x864.jpg 1536w, https:\/\/agora.xtec.cat\/ceip-fontfreda\/wp-content\/uploads\/usu813\/2024\/03\/taller-dansa-14-2048x1152.jpg 2048w\" sizes=\"auto, (max-width: 274px) 100vw, 274px\" \/><\/a><\/p>\n","protected":false},"excerpt":{"rendered":"<p>El dilluns 11 de mar\u00e7 l&#8217;alumnat de cinqu\u00e8 i sis\u00e8 va participar en el taller de dansa i percussi\u00f3 africana.<br \/>\nDurant el taller vam con\u00e8ixer un munt d&#8217;instruments d&#8217;\u00c0frica de l&#8217;Oest i mentre cantava can\u00e7ons apreniem del valor de les seves lletres i la riquesa del&hellip;  <a href=\"https:\/\/agora.xtec.cat\/ceip-fontfreda\/general\/taller-de-dansa-i-percussio-africana-2\/\" title=\"Read TALLER DE DANSA I PERCUSSI\u00d3 AFRICANA\">Llegeix m\u00e9s\u00bb<\/a><\/p>\n","protected":false},"author":13,"featured_media":10953,"comment_status":"open","ping_status":"closed","sticky":false,"template":"","format":"standard","meta":{"_bbp_topic_count":0,"_bbp_reply_count":0,"_bbp_total_topic_count":0,"_bbp_total_reply_count":0,"_bbp_voice_count":0,"_bbp_anonymous_reply_count":0,"_bbp_topic_count_hidden":0,"_bbp_reply_count_hidden":0,"_bbp_forum_subforum_count":0,"footnotes":""},"categories":[14,15,73,1,75,4],"tags":[70,161],"class_list":["post-10952","post","type-post","status-publish","format-standard","has-post-thumbnail","hentry","category-5e","category-6e","category-especialitats","category-general","category-mus","category-portada","tag-musica","tag-tallers-musicals"],"post_mailing_queue_ids":[],"_links":{"self":[{"href":"https:\/\/agora.xtec.cat\/ceip-fontfreda\/wp-json\/wp\/v2\/posts\/10952","targetHints":{"allow":["GET"]}}],"collection":[{"href":"https:\/\/agora.xtec.cat\/ceip-fontfreda\/wp-json\/wp\/v2\/posts"}],"about":[{"href":"https:\/\/agora.xtec.cat\/ceip-fontfreda\/wp-json\/wp\/v2\/types\/post"}],"author":[{"embeddable":true,"href":"https:\/\/agora.xtec.cat\/ceip-fontfreda\/wp-json\/wp\/v2\/users\/13"}],"replies":[{"embeddable":true,"href":"https:\/\/agora.xtec.cat\/ceip-fontfreda\/wp-json\/wp\/v2\/comments?post=10952"}],"version-history":[{"count":1,"href":"https:\/\/agora.xtec.cat\/ceip-fontfreda\/wp-json\/wp\/v2\/posts\/10952\/revisions"}],"predecessor-version":[{"id":10955,"href":"https:\/\/agora.xtec.cat\/ceip-fontfreda\/wp-json\/wp\/v2\/posts\/10952\/revisions\/10955"}],"wp:featuredmedia":[{"embeddable":true,"href":"https:\/\/agora.xtec.cat\/ceip-fontfreda\/wp-json\/wp\/v2\/media\/10953"}],"wp:attachment":[{"href":"https:\/\/agora.xtec.cat\/ceip-fontfreda\/wp-json\/wp\/v2\/media?parent=10952"}],"wp:term":[{"taxonomy":"category","embeddable":true,"href":"https:\/\/agora.xtec.cat\/ceip-fontfreda\/wp-json\/wp\/v2\/categories?post=10952"},{"taxonomy":"post_tag","embeddable":true,"href":"https:\/\/agora.xtec.cat\/ceip-fontfreda\/wp-json\/wp\/v2\/tags?post=10952"}],"curies":[{"name":"wp","href":"https:\/\/api.w.org\/{rel}","templated":true}]}}