{"id":10949,"date":"2024-03-17T11:55:16","date_gmt":"2024-03-17T10:55:16","guid":{"rendered":"https:\/\/agora.xtec.cat\/ceip-fontfreda\/?p=10949"},"modified":"2024-03-17T11:55:16","modified_gmt":"2024-03-17T10:55:16","slug":"xx-certamen-de-lectura-en-veu-alta","status":"publish","type":"post","link":"https:\/\/agora.xtec.cat\/ceip-fontfreda\/general\/xx-certamen-de-lectura-en-veu-alta\/","title":{"rendered":"XX CERTAMEN DE LECTURA EN VEU ALTA"},"content":{"rendered":"<p>El dimecres 13 de mar\u00e7 es va celebrar a Sant Cugat el XX Certamen de Lectura en Veu Alta, una iniciativa de la Fundaci\u00f3 Enciclop\u00e8dia Catalana i el Departament d&#8217;Educaci\u00f3 de la Generalitat de Catalunya per promoure la lilteratura i la llengua per mitj\u00e0 de la lectura compartida.<\/p>\n<p>Des de l&#8217;escola participem a les categories de cicle mitj\u00e0, cicle superior i alumnat d&#8217;aula d&#8217;acollida, que al llarg del curs fan activitats a l&#8217;aula per treballar l&#8217;entonaci\u00f3, puntutaci\u00f3, dicci\u00f3, ritme i lectura expressiva. El mes passat van escollir els qui serien els nostres representants de cada categoria seguint uns criteris coneguts.<\/p>\n<p>A l&#8217;acte de Sant Cugat van participar 18 escoles del Vall\u00e8s occidental i els nostres representants ho varen fer molt b\u00e9.<\/p>\n<p>&nbsp;<\/p>\n<p>Tot i no poder passar a la final va ser una experi\u00e8ncia molt gratificant.<\/p>\n<p>Moltes felicitats Unai Martinez, Kristian Ruiz i Itziar Cab\u00f3s !<\/p>\n<p>Us deixem un petit recull de fotos i el video de les lectures, ho podreu veure clicant la foto:<\/p>\n<p><a href=\"https:\/\/drive.google.com\/drive\/folders\/1u34jE7onDx7_x1ByJ0-13TthWN2aagfa?usp=drive_link\"><img loading=\"lazy\" decoding=\"async\" class=\"wp-image-10950 alignnone\" src=\"https:\/\/agora.xtec.cat\/ceip-fontfreda\/wp-content\/uploads\/usu813\/2024\/03\/IMG_3207-1-scaled.jpg\" alt=\"\" width=\"332\" height=\"443\" srcset=\"https:\/\/agora.xtec.cat\/ceip-fontfreda\/wp-content\/uploads\/usu813\/2024\/03\/IMG_3207-1-scaled.jpg 1920w, https:\/\/agora.xtec.cat\/ceip-fontfreda\/wp-content\/uploads\/usu813\/2024\/03\/IMG_3207-1-225x300.jpg 225w, https:\/\/agora.xtec.cat\/ceip-fontfreda\/wp-content\/uploads\/usu813\/2024\/03\/IMG_3207-1-768x1024.jpg 768w, https:\/\/agora.xtec.cat\/ceip-fontfreda\/wp-content\/uploads\/usu813\/2024\/03\/IMG_3207-1-1152x1536.jpg 1152w, https:\/\/agora.xtec.cat\/ceip-fontfreda\/wp-content\/uploads\/usu813\/2024\/03\/IMG_3207-1-1536x2048.jpg 1536w\" sizes=\"auto, (max-width: 332px) 100vw, 332px\" \/><\/a><\/p>\n","protected":false},"excerpt":{"rendered":"<p>El dimecres 13 de mar\u00e7 es va celebrar a Sant Cugat el XX Certamen de Lectura en Veu Alta, una iniciativa de la Fundaci\u00f3 Enciclop\u00e8dia Catalana i el Departament d&#8217;Educaci\u00f3 de la Generalitat de Catalunya per promoure la lilteratura i la llengua per mitj\u00e0 de&hellip;  <a href=\"https:\/\/agora.xtec.cat\/ceip-fontfreda\/general\/xx-certamen-de-lectura-en-veu-alta\/\" title=\"Read XX CERTAMEN DE LECTURA EN VEU ALTA\">Llegeix m\u00e9s\u00bb<\/a><\/p>\n","protected":false},"author":13,"featured_media":10950,"comment_status":"open","ping_status":"closed","sticky":false,"template":"","format":"standard","meta":{"_bbp_topic_count":0,"_bbp_reply_count":0,"_bbp_total_topic_count":0,"_bbp_total_reply_count":0,"_bbp_voice_count":0,"_bbp_anonymous_reply_count":0,"_bbp_topic_count_hidden":0,"_bbp_reply_count_hidden":0,"_bbp_forum_subforum_count":0,"footnotes":""},"categories":[13,15,68,1,4],"tags":[160],"class_list":["post-10949","post","type-post","status-publish","format-standard","has-post-thumbnail","hentry","category-4t","category-6e","category-aula-acollida-aula-acollida","category-general","category-portada","tag-certamen-lectura-en-veu-alta"],"post_mailing_queue_ids":[],"_links":{"self":[{"href":"https:\/\/agora.xtec.cat\/ceip-fontfreda\/wp-json\/wp\/v2\/posts\/10949","targetHints":{"allow":["GET"]}}],"collection":[{"href":"https:\/\/agora.xtec.cat\/ceip-fontfreda\/wp-json\/wp\/v2\/posts"}],"about":[{"href":"https:\/\/agora.xtec.cat\/ceip-fontfreda\/wp-json\/wp\/v2\/types\/post"}],"author":[{"embeddable":true,"href":"https:\/\/agora.xtec.cat\/ceip-fontfreda\/wp-json\/wp\/v2\/users\/13"}],"replies":[{"embeddable":true,"href":"https:\/\/agora.xtec.cat\/ceip-fontfreda\/wp-json\/wp\/v2\/comments?post=10949"}],"version-history":[{"count":1,"href":"https:\/\/agora.xtec.cat\/ceip-fontfreda\/wp-json\/wp\/v2\/posts\/10949\/revisions"}],"predecessor-version":[{"id":10951,"href":"https:\/\/agora.xtec.cat\/ceip-fontfreda\/wp-json\/wp\/v2\/posts\/10949\/revisions\/10951"}],"wp:featuredmedia":[{"embeddable":true,"href":"https:\/\/agora.xtec.cat\/ceip-fontfreda\/wp-json\/wp\/v2\/media\/10950"}],"wp:attachment":[{"href":"https:\/\/agora.xtec.cat\/ceip-fontfreda\/wp-json\/wp\/v2\/media?parent=10949"}],"wp:term":[{"taxonomy":"category","embeddable":true,"href":"https:\/\/agora.xtec.cat\/ceip-fontfreda\/wp-json\/wp\/v2\/categories?post=10949"},{"taxonomy":"post_tag","embeddable":true,"href":"https:\/\/agora.xtec.cat\/ceip-fontfreda\/wp-json\/wp\/v2\/tags?post=10949"}],"curies":[{"name":"wp","href":"https:\/\/api.w.org\/{rel}","templated":true}]}}