{"id":10946,"date":"2024-03-12T06:41:33","date_gmt":"2024-03-12T05:41:33","guid":{"rendered":"https:\/\/agora.xtec.cat\/ceip-fontfreda\/?p=10946"},"modified":"2024-03-12T06:41:33","modified_gmt":"2024-03-12T05:41:33","slug":"visitem-la-bibilioteca","status":"publish","type":"post","link":"https:\/\/agora.xtec.cat\/ceip-fontfreda\/general\/visitem-la-bibilioteca\/","title":{"rendered":"visitem la bibilioteca"},"content":{"rendered":"<p>El divendres 8 de mar\u00e7, els nens i les nenes de 1rA van visitar la biblioteca Elisenda de Montcada.<\/p>\n<p>All\u00e0 vam con\u00e8ixer la Maeva, que ens va explicar la hist\u00f2ria d&#8217;una fam\u00edlia de ratolins que fa temps que viuen all\u00e0.<\/p>\n<p>Tamb\u00e9 ens va recomanar llibres per llegir i vam estar una estona gaudint dels contes de la zona infantil.<\/p>\n<p>Cliqueu sobre la imatge per veure les fotografies!<\/p>\n<p><a href=\"https:\/\/drive.google.com\/drive\/folders\/1oDQh2KOY9TI0xLR0BYlqYuE_nAtsWzAO?usp=sharing\"><img loading=\"lazy\" decoding=\"async\" class=\"alignnone size-full wp-image-10947\" src=\"https:\/\/agora.xtec.cat\/ceip-fontfreda\/wp-content\/uploads\/usu813\/2024\/03\/library.jpg\" alt=\"\" width=\"459\" height=\"308\" srcset=\"https:\/\/agora.xtec.cat\/ceip-fontfreda\/wp-content\/uploads\/usu813\/2024\/03\/library.jpg 459w, https:\/\/agora.xtec.cat\/ceip-fontfreda\/wp-content\/uploads\/usu813\/2024\/03\/library-300x201.jpg 300w\" sizes=\"auto, (max-width: 459px) 100vw, 459px\" \/><\/a><\/p>\n","protected":false},"excerpt":{"rendered":"<p>El divendres 8 de mar\u00e7, els nens i les nenes de 1rA van visitar la biblioteca Elisenda de Montcada.<br \/>\nAll\u00e0 vam con\u00e8ixer la Maeva, que ens va explicar la hist\u00f2ria d&#8217;una fam\u00edlia de ratolins que fa temps que viuen all\u00e0.<br \/>\nTamb\u00e9 ens va recomanar llibres per llegir&hellip;  <a href=\"https:\/\/agora.xtec.cat\/ceip-fontfreda\/general\/visitem-la-bibilioteca\/\" title=\"Read visitem la bibilioteca\">Llegeix m\u00e9s\u00bb<\/a><\/p>\n","protected":false},"author":9,"featured_media":0,"comment_status":"open","ping_status":"closed","sticky":false,"template":"","format":"standard","meta":{"_bbp_topic_count":0,"_bbp_reply_count":0,"_bbp_total_topic_count":0,"_bbp_total_reply_count":0,"_bbp_voice_count":0,"_bbp_anonymous_reply_count":0,"_bbp_topic_count_hidden":0,"_bbp_reply_count_hidden":0,"_bbp_forum_subforum_count":0,"footnotes":""},"categories":[10,1,4],"tags":[],"class_list":["post-10946","post","type-post","status-publish","format-standard","hentry","category-1r","category-general","category-portada"],"post_mailing_queue_ids":[],"_links":{"self":[{"href":"https:\/\/agora.xtec.cat\/ceip-fontfreda\/wp-json\/wp\/v2\/posts\/10946","targetHints":{"allow":["GET"]}}],"collection":[{"href":"https:\/\/agora.xtec.cat\/ceip-fontfreda\/wp-json\/wp\/v2\/posts"}],"about":[{"href":"https:\/\/agora.xtec.cat\/ceip-fontfreda\/wp-json\/wp\/v2\/types\/post"}],"author":[{"embeddable":true,"href":"https:\/\/agora.xtec.cat\/ceip-fontfreda\/wp-json\/wp\/v2\/users\/9"}],"replies":[{"embeddable":true,"href":"https:\/\/agora.xtec.cat\/ceip-fontfreda\/wp-json\/wp\/v2\/comments?post=10946"}],"version-history":[{"count":1,"href":"https:\/\/agora.xtec.cat\/ceip-fontfreda\/wp-json\/wp\/v2\/posts\/10946\/revisions"}],"predecessor-version":[{"id":10948,"href":"https:\/\/agora.xtec.cat\/ceip-fontfreda\/wp-json\/wp\/v2\/posts\/10946\/revisions\/10948"}],"wp:attachment":[{"href":"https:\/\/agora.xtec.cat\/ceip-fontfreda\/wp-json\/wp\/v2\/media?parent=10946"}],"wp:term":[{"taxonomy":"category","embeddable":true,"href":"https:\/\/agora.xtec.cat\/ceip-fontfreda\/wp-json\/wp\/v2\/categories?post=10946"},{"taxonomy":"post_tag","embeddable":true,"href":"https:\/\/agora.xtec.cat\/ceip-fontfreda\/wp-json\/wp\/v2\/tags?post=10946"}],"curies":[{"name":"wp","href":"https:\/\/api.w.org\/{rel}","templated":true}]}}