{"id":10939,"date":"2024-03-08T17:45:24","date_gmt":"2024-03-08T16:45:24","guid":{"rendered":"https:\/\/agora.xtec.cat\/ceip-fontfreda\/?p=10939"},"modified":"2024-03-08T17:51:06","modified_gmt":"2024-03-08T16:51:06","slug":"sortida-a-laquarium","status":"publish","type":"post","link":"https:\/\/agora.xtec.cat\/ceip-fontfreda\/general\/sortida-a-laquarium\/","title":{"rendered":"Sortida a l&#8217;Aquarium"},"content":{"rendered":"<p>Els infants de 3r i 4t vam anar ahir a visitar l&#8217;Aquarium.<\/p>\n<p>Ens van fer una visita guiada i vam aprendre moltes curiositats sobre els peixos de la Mediterr\u00e0nia i tamb\u00e9 d&#8217;aig\u00fces tropicals.<\/p>\n<p>Despr\u00e9s, vam anar a un laboratori i vam experimentar amb una Orada per identificar les diferents parts i les seves caracter\u00edstiques principals.<\/p>\n<p>Va ser molt interessant!<\/p>\n<p>Feu click a la imatge per veure el recull de fotos de la sortida:<\/p>\n<p><a href=\"https:\/\/drive.google.com\/drive\/folders\/1Sol0zk51w_tPSa58LPTlVQadE0GaoSne\"><img loading=\"lazy\" decoding=\"async\" class=\"alignnone size-medium wp-image-10940\" src=\"https:\/\/agora.xtec.cat\/ceip-fontfreda\/wp-content\/uploads\/usu813\/2024\/03\/Captura-de-pantalla-2024-03-08-a-las-17.36.45-300x201.png\" alt=\"\" width=\"300\" height=\"201\" srcset=\"https:\/\/agora.xtec.cat\/ceip-fontfreda\/wp-content\/uploads\/usu813\/2024\/03\/Captura-de-pantalla-2024-03-08-a-las-17.36.45-300x201.png 300w, https:\/\/agora.xtec.cat\/ceip-fontfreda\/wp-content\/uploads\/usu813\/2024\/03\/Captura-de-pantalla-2024-03-08-a-las-17.36.45-768x514.png 768w, https:\/\/agora.xtec.cat\/ceip-fontfreda\/wp-content\/uploads\/usu813\/2024\/03\/Captura-de-pantalla-2024-03-08-a-las-17.36.45.png 957w\" sizes=\"auto, (max-width: 300px) 100vw, 300px\" \/><\/a><\/p>\n","protected":false},"excerpt":{"rendered":"<p>Els infants de 3r i 4t vam anar ahir a visitar l&#8217;Aquarium.<br \/>\nEns van fer una visita guiada i vam aprendre moltes curiositats sobre els peixos de la Mediterr\u00e0nia i tamb\u00e9 d&#8217;aig\u00fces tropicals.<br \/>\nDespr\u00e9s, vam anar a un laboratori i vam experimentar amb una Orada per identificar&hellip;  <a href=\"https:\/\/agora.xtec.cat\/ceip-fontfreda\/general\/sortida-a-laquarium\/\" title=\"Read Sortida a l&#8217;Aquarium\">Llegeix m\u00e9s\u00bb<\/a><\/p>\n","protected":false},"author":1,"featured_media":10940,"comment_status":"open","ping_status":"closed","sticky":false,"template":"","format":"standard","meta":{"_bbp_topic_count":0,"_bbp_reply_count":0,"_bbp_total_topic_count":0,"_bbp_total_reply_count":0,"_bbp_voice_count":0,"_bbp_anonymous_reply_count":0,"_bbp_topic_count_hidden":0,"_bbp_reply_count_hidden":0,"_bbp_forum_subforum_count":0,"footnotes":""},"categories":[12,13,1,4,5],"tags":[],"class_list":["post-10939","post","type-post","status-publish","format-standard","has-post-thumbnail","hentry","category-3r","category-4t","category-general","category-portada","category-primaria"],"post_mailing_queue_ids":[],"_links":{"self":[{"href":"https:\/\/agora.xtec.cat\/ceip-fontfreda\/wp-json\/wp\/v2\/posts\/10939","targetHints":{"allow":["GET"]}}],"collection":[{"href":"https:\/\/agora.xtec.cat\/ceip-fontfreda\/wp-json\/wp\/v2\/posts"}],"about":[{"href":"https:\/\/agora.xtec.cat\/ceip-fontfreda\/wp-json\/wp\/v2\/types\/post"}],"author":[{"embeddable":true,"href":"https:\/\/agora.xtec.cat\/ceip-fontfreda\/wp-json\/wp\/v2\/users\/1"}],"replies":[{"embeddable":true,"href":"https:\/\/agora.xtec.cat\/ceip-fontfreda\/wp-json\/wp\/v2\/comments?post=10939"}],"version-history":[{"count":5,"href":"https:\/\/agora.xtec.cat\/ceip-fontfreda\/wp-json\/wp\/v2\/posts\/10939\/revisions"}],"predecessor-version":[{"id":10945,"href":"https:\/\/agora.xtec.cat\/ceip-fontfreda\/wp-json\/wp\/v2\/posts\/10939\/revisions\/10945"}],"wp:featuredmedia":[{"embeddable":true,"href":"https:\/\/agora.xtec.cat\/ceip-fontfreda\/wp-json\/wp\/v2\/media\/10940"}],"wp:attachment":[{"href":"https:\/\/agora.xtec.cat\/ceip-fontfreda\/wp-json\/wp\/v2\/media?parent=10939"}],"wp:term":[{"taxonomy":"category","embeddable":true,"href":"https:\/\/agora.xtec.cat\/ceip-fontfreda\/wp-json\/wp\/v2\/categories?post=10939"},{"taxonomy":"post_tag","embeddable":true,"href":"https:\/\/agora.xtec.cat\/ceip-fontfreda\/wp-json\/wp\/v2\/tags?post=10939"}],"curies":[{"name":"wp","href":"https:\/\/api.w.org\/{rel}","templated":true}]}}