{"id":10936,"date":"2024-03-08T07:10:12","date_gmt":"2024-03-08T06:10:12","guid":{"rendered":"https:\/\/agora.xtec.cat\/ceip-fontfreda\/?p=10936"},"modified":"2024-03-08T07:10:12","modified_gmt":"2024-03-08T06:10:12","slug":"sortida-al-cram","status":"publish","type":"post","link":"https:\/\/agora.xtec.cat\/ceip-fontfreda\/general\/sortida-al-cram\/","title":{"rendered":"sortida al CRAM"},"content":{"rendered":"<p>Els nens i les nenes d&#8217;Educaci\u00f3 Infantil i de Cicle Inicial de la nostra escola van anar ahir a visitar el CRAM.<\/p>\n<p>Es va realitzar un taller per aprendre molts aspectes sobre les tortugues i vam aprendre com \u00e9s el rescat d&#8217;un dof\u00ed.<\/p>\n<p>A m\u00e9s, vam gaudir d&#8217;un dia molt bonic i ens ho vam passar s\u00faper b\u00e9!<\/p>\n<p>Cliqueu sobre la imatge per veure les fotografies!<\/p>\n<p><a href=\"https:\/\/drive.google.com\/drive\/folders\/1APyVdDUczlUgjoAzh_v9Gh7XsV54h9DK?usp=sharing\"><img loading=\"lazy\" decoding=\"async\" class=\"alignnone size-full wp-image-10937\" src=\"https:\/\/agora.xtec.cat\/ceip-fontfreda\/wp-content\/uploads\/usu813\/2024\/03\/tortuga.jpg\" alt=\"\" width=\"383\" height=\"253\" srcset=\"https:\/\/agora.xtec.cat\/ceip-fontfreda\/wp-content\/uploads\/usu813\/2024\/03\/tortuga.jpg 383w, https:\/\/agora.xtec.cat\/ceip-fontfreda\/wp-content\/uploads\/usu813\/2024\/03\/tortuga-300x198.jpg 300w\" sizes=\"auto, (max-width: 383px) 100vw, 383px\" \/><\/a><\/p>\n","protected":false},"excerpt":{"rendered":"<p>Els nens i les nenes d&#8217;Educaci\u00f3 Infantil i de Cicle Inicial de la nostra escola van anar ahir a visitar el CRAM.<br \/>\nEs va realitzar un taller per aprendre molts aspectes sobre les tortugues i vam aprendre com \u00e9s el rescat d&#8217;un dof\u00ed.<br \/>\nA m\u00e9s, vam gaudir&hellip;  <a href=\"https:\/\/agora.xtec.cat\/ceip-fontfreda\/general\/sortida-al-cram\/\" title=\"Read sortida al CRAM\">Llegeix m\u00e9s\u00bb<\/a><\/p>\n","protected":false},"author":9,"featured_media":0,"comment_status":"open","ping_status":"closed","sticky":false,"template":"","format":"standard","meta":{"_bbp_topic_count":0,"_bbp_reply_count":0,"_bbp_total_topic_count":0,"_bbp_total_reply_count":0,"_bbp_voice_count":0,"_bbp_anonymous_reply_count":0,"_bbp_topic_count_hidden":0,"_bbp_reply_count_hidden":0,"_bbp_forum_subforum_count":0,"footnotes":""},"categories":[10,1,3,8,9,4],"tags":[],"class_list":["post-10936","post","type-post","status-publish","format-standard","hentry","category-1r","category-general","category-i3","category-i4","category-i5","category-portada"],"post_mailing_queue_ids":[],"_links":{"self":[{"href":"https:\/\/agora.xtec.cat\/ceip-fontfreda\/wp-json\/wp\/v2\/posts\/10936","targetHints":{"allow":["GET"]}}],"collection":[{"href":"https:\/\/agora.xtec.cat\/ceip-fontfreda\/wp-json\/wp\/v2\/posts"}],"about":[{"href":"https:\/\/agora.xtec.cat\/ceip-fontfreda\/wp-json\/wp\/v2\/types\/post"}],"author":[{"embeddable":true,"href":"https:\/\/agora.xtec.cat\/ceip-fontfreda\/wp-json\/wp\/v2\/users\/9"}],"replies":[{"embeddable":true,"href":"https:\/\/agora.xtec.cat\/ceip-fontfreda\/wp-json\/wp\/v2\/comments?post=10936"}],"version-history":[{"count":1,"href":"https:\/\/agora.xtec.cat\/ceip-fontfreda\/wp-json\/wp\/v2\/posts\/10936\/revisions"}],"predecessor-version":[{"id":10938,"href":"https:\/\/agora.xtec.cat\/ceip-fontfreda\/wp-json\/wp\/v2\/posts\/10936\/revisions\/10938"}],"wp:attachment":[{"href":"https:\/\/agora.xtec.cat\/ceip-fontfreda\/wp-json\/wp\/v2\/media?parent=10936"}],"wp:term":[{"taxonomy":"category","embeddable":true,"href":"https:\/\/agora.xtec.cat\/ceip-fontfreda\/wp-json\/wp\/v2\/categories?post=10936"},{"taxonomy":"post_tag","embeddable":true,"href":"https:\/\/agora.xtec.cat\/ceip-fontfreda\/wp-json\/wp\/v2\/tags?post=10936"}],"curies":[{"name":"wp","href":"https:\/\/api.w.org\/{rel}","templated":true}]}}