{"id":10915,"date":"2024-03-04T18:12:03","date_gmt":"2024-03-04T17:12:03","guid":{"rendered":"https:\/\/agora.xtec.cat\/ceip-fontfreda\/?p=10915"},"modified":"2024-03-04T18:13:15","modified_gmt":"2024-03-04T17:13:15","slug":"educacio-infantil-les-espines-dun-peix","status":"publish","type":"post","link":"https:\/\/agora.xtec.cat\/ceip-fontfreda\/general\/educacio-infantil-les-espines-dun-peix\/","title":{"rendered":"Educaci\u00f3 Infantil: Les espines d&#8217;un peix"},"content":{"rendered":"<p>&nbsp;<\/p>\n<p><a href=\"https:\/\/agora.xtec.cat\/ceip-fontfreda\/wp-content\/uploads\/usu813\/2024\/03\/util-e-interesante-que-hacer-si-te-atoras-espina-pescado-n370474-696x418-576153.webp\"><img loading=\"lazy\" decoding=\"async\" class=\"alignnone  wp-image-10917\" src=\"https:\/\/agora.xtec.cat\/ceip-fontfreda\/wp-content\/uploads\/usu813\/2024\/03\/util-e-interesante-que-hacer-si-te-atoras-espina-pescado-n370474-696x418-576153.webp\" alt=\"\" width=\"323\" height=\"194\" srcset=\"https:\/\/agora.xtec.cat\/ceip-fontfreda\/wp-content\/uploads\/usu813\/2024\/03\/util-e-interesante-que-hacer-si-te-atoras-espina-pescado-n370474-696x418-576153.webp 696w, https:\/\/agora.xtec.cat\/ceip-fontfreda\/wp-content\/uploads\/usu813\/2024\/03\/util-e-interesante-que-hacer-si-te-atoras-espina-pescado-n370474-696x418-576153-300x180.webp 300w\" sizes=\"auto, (max-width: 323px) 100vw, 323px\" \/><\/a><\/p>\n<p>Hola fam\u00edlies de i5,<\/p>\n<p>Avui hem tingut la visita d&#8217;una experta en el m\u00f3n mar\u00ed! La mare de la Neus ens ha portat les espines de diferents peixos, ens ha explicat les seves caracter\u00edstiques i els hem pogut veure per dins. Tamb\u00e9, hem pogut compartir moltes an\u00e8cdotes i experi\u00e8ncies referents als peixos i al seu h\u00e0bitat. Ha estat\u00a0 molt interessant!<\/p>\n<p>Us facilitem unes fotografies de l&#8217;experi\u00e8ncia!<\/p>\n<p><a href=\"https:\/\/drive.google.com\/drive\/folders\/19LZi15oe9CPHAM58p_ChWODPOaR3n3Fy?usp=sharing\">Peixos<\/a><\/p>\n<p>Moltes gr\u00e0cies<\/p>\n","protected":false},"excerpt":{"rendered":"<p>&nbsp;<br \/>\n<a href=\"https:\/\/agora.xtec.cat\/ceip-fontfreda\/wp-content\/uploads\/usu813\/2024\/03\/util-e-interesante-que-hacer-si-te-atoras-espina-pescado-n370474-696x418-576153.webp\"><\/a><br \/>\nHola fam\u00edlies de i5,<br \/>\nAvui hem tingut la visita d&#8217;una experta en el m\u00f3n mar\u00ed! La mare de la Neus ens ha portat les espines de diferents peixos, ens ha explicat les seves caracter\u00edstiques i els hem pogut veure per dins. Tamb\u00e9, hem pogut compartir&hellip;  <a href=\"https:\/\/agora.xtec.cat\/ceip-fontfreda\/general\/educacio-infantil-les-espines-dun-peix\/\" title=\"Read Educaci\u00f3 Infantil: Les espines d&#8217;un peix\">Llegeix m\u00e9s\u00bb<\/a><\/p>\n","protected":false},"author":53,"featured_media":0,"comment_status":"open","ping_status":"closed","sticky":false,"template":"","format":"standard","meta":{"_bbp_topic_count":0,"_bbp_reply_count":0,"_bbp_total_topic_count":0,"_bbp_total_reply_count":0,"_bbp_voice_count":0,"_bbp_anonymous_reply_count":0,"_bbp_topic_count_hidden":0,"_bbp_reply_count_hidden":0,"_bbp_forum_subforum_count":0,"footnotes":""},"categories":[1,9,2,4],"tags":[],"class_list":["post-10915","post","type-post","status-publish","format-standard","hentry","category-general","category-i5","category-infantil","category-portada"],"post_mailing_queue_ids":[],"_links":{"self":[{"href":"https:\/\/agora.xtec.cat\/ceip-fontfreda\/wp-json\/wp\/v2\/posts\/10915","targetHints":{"allow":["GET"]}}],"collection":[{"href":"https:\/\/agora.xtec.cat\/ceip-fontfreda\/wp-json\/wp\/v2\/posts"}],"about":[{"href":"https:\/\/agora.xtec.cat\/ceip-fontfreda\/wp-json\/wp\/v2\/types\/post"}],"author":[{"embeddable":true,"href":"https:\/\/agora.xtec.cat\/ceip-fontfreda\/wp-json\/wp\/v2\/users\/53"}],"replies":[{"embeddable":true,"href":"https:\/\/agora.xtec.cat\/ceip-fontfreda\/wp-json\/wp\/v2\/comments?post=10915"}],"version-history":[{"count":3,"href":"https:\/\/agora.xtec.cat\/ceip-fontfreda\/wp-json\/wp\/v2\/posts\/10915\/revisions"}],"predecessor-version":[{"id":10920,"href":"https:\/\/agora.xtec.cat\/ceip-fontfreda\/wp-json\/wp\/v2\/posts\/10915\/revisions\/10920"}],"wp:attachment":[{"href":"https:\/\/agora.xtec.cat\/ceip-fontfreda\/wp-json\/wp\/v2\/media?parent=10915"}],"wp:term":[{"taxonomy":"category","embeddable":true,"href":"https:\/\/agora.xtec.cat\/ceip-fontfreda\/wp-json\/wp\/v2\/categories?post=10915"},{"taxonomy":"post_tag","embeddable":true,"href":"https:\/\/agora.xtec.cat\/ceip-fontfreda\/wp-json\/wp\/v2\/tags?post=10915"}],"curies":[{"name":"wp","href":"https:\/\/api.w.org\/{rel}","templated":true}]}}