{"id":1091,"date":"2018-11-19T13:09:22","date_gmt":"2018-11-19T12:09:22","guid":{"rendered":"http:\/\/agora.xtec.cat\/ceip-fontfreda\/?p=1091"},"modified":"2019-01-21T13:00:29","modified_gmt":"2019-01-21T12:00:29","slug":"castanyera","status":"publish","type":"post","link":"https:\/\/agora.xtec.cat\/ceip-fontfreda\/primaria\/1r\/castanyera\/","title":{"rendered":"Castanyera"},"content":{"rendered":"<p>El passat dimecres 31 d&#8217;octubre ens va venir a visitar la Castanyera.<\/p>\n<p>Ens va donar un grapat de castanyes i ens vam fer una foto. Ens va agradar molt!!!!<\/p>\n<p>Si passeu el ratol\u00ed per sobre de la foto sortir\u00e0 un play. Si hi cliqueu, aniran passant les fotografies. Tamb\u00e9 podeu clicar les fletxes per anar-les passant vosaltres.<\/p>\n<p>&nbsp;<\/p>\n\r\n\t<div class=\"slideshow_container slideshow_container_style-light\" style=\"height: 300px; \" data-slideshow-id=\"1090\" data-style-name=\"style-light\" data-style-version=\"2.3.1\" >\r\n\r\n\t\t\t\t\t<div class=\"slideshow_loading_icon\"><\/div>\r\n\t\t\r\n\t\t<div class=\"slideshow_content\" style=\"display: none;\">\r\n\r\n\t\t\t<div class=\"slideshow_view\">\t<div style=\"clear: both;\"><\/div><\/div><div class=\"slideshow_view\">\t<div style=\"clear: both;\"><\/div><\/div><div class=\"slideshow_view\">\t<div style=\"clear: both;\"><\/div><\/div><div class=\"slideshow_view\">\t<div style=\"clear: both;\"><\/div><\/div><div class=\"slideshow_view\">\t<div style=\"clear: both;\"><\/div><\/div><div class=\"slideshow_view\">\t<div style=\"clear: both;\"><\/div><\/div><div class=\"slideshow_view\">\t<div style=\"clear: both;\"><\/div><\/div><div class=\"slideshow_view\">\t<div style=\"clear: both;\"><\/div><\/div><div class=\"slideshow_view\">\t<div style=\"clear: both;\"><\/div><\/div><div class=\"slideshow_view\">\t<div style=\"clear: both;\"><\/div><\/div><div class=\"slideshow_view\">\t<div style=\"clear: both;\"><\/div><\/div><div class=\"slideshow_view\">\t<div style=\"clear: both;\"><\/div><\/div><div class=\"slideshow_view\">\t<div style=\"clear: both;\"><\/div><\/div><div class=\"slideshow_view\">\t<div style=\"clear: both;\"><\/div><\/div><div class=\"slideshow_view\">\t<div style=\"clear: both;\"><\/div><\/div><div class=\"slideshow_view\">\t<div style=\"clear: both;\"><\/div><\/div><div class=\"slideshow_view\">\t<div style=\"clear: both;\"><\/div><\/div><div class=\"slideshow_view\">\t<div style=\"clear: both;\"><\/div><\/div><div class=\"slideshow_view\">\t<div style=\"clear: both;\"><\/div><\/div><div class=\"slideshow_view\">\t<div style=\"clear: both;\"><\/div><\/div><div class=\"slideshow_view\">\t<div style=\"clear: both;\"><\/div><\/div><div class=\"slideshow_view\">\t<div style=\"clear: both;\"><\/div><\/div><div class=\"slideshow_view\">\t<div style=\"clear: both;\"><\/div><\/div>\r\n\t\t<\/div>\r\n\r\n\t\t<div class=\"slideshow_controlPanel slideshow_transparent\" style=\"display: none;\"><ul><li class=\"slideshow_togglePlay\" data-play-text=\"Visualitza\" data-pause-text=\"Pausa\"><\/li><\/ul><\/div>\r\n\r\n\t\t<div class=\"slideshow_button slideshow_previous slideshow_transparent\" role=\"button\" data-previous-text=\"Anterior\" style=\"display: none;\"><\/div>\r\n\t\t<div class=\"slideshow_button slideshow_next slideshow_transparent\" role=\"button\" data-next-text=\"Seg\u00fcent\" style=\"display: none;\"><\/div>\r\n\r\n\t\t<div class=\"slideshow_pagination\" style=\"display: none;\" data-go-to-text=\"V\u00e9s a la diapositiva\"><div class=\"slideshow_pagination_center\"><\/div><\/div>\r\n\r\n\t\t<!-- WordPress Slideshow Version 2.3.1 -->\r\n\r\n\t\t\t<\/div>\r\n\r\n\n","protected":false},"excerpt":{"rendered":"<p>El passat dimecres 31 d&#8217;octubre ens va venir a visitar la Castanyera.<br \/>\nEns va donar un grapat de castanyes i ens vam fer una foto. Ens va agradar molt!!!!<br \/>\nSi passeu el ratol\u00ed per sobre de la foto sortir\u00e0 un play. Si hi cliqueu, aniran passant les&hellip;  <a href=\"https:\/\/agora.xtec.cat\/ceip-fontfreda\/primaria\/1r\/castanyera\/\" title=\"Read Castanyera\">Llegeix m\u00e9s\u00bb<\/a><\/p>\n","protected":false},"author":1,"featured_media":0,"comment_status":"open","ping_status":"closed","sticky":false,"template":"","format":"standard","meta":{"_bbp_topic_count":0,"_bbp_reply_count":0,"_bbp_total_topic_count":0,"_bbp_total_reply_count":0,"_bbp_voice_count":0,"_bbp_anonymous_reply_count":0,"_bbp_topic_count_hidden":0,"_bbp_reply_count_hidden":0,"_bbp_forum_subforum_count":0,"footnotes":""},"categories":[10],"tags":[],"class_list":["post-1091","post","type-post","status-publish","format-standard","hentry","category-1r"],"post_mailing_queue_ids":[],"_links":{"self":[{"href":"https:\/\/agora.xtec.cat\/ceip-fontfreda\/wp-json\/wp\/v2\/posts\/1091","targetHints":{"allow":["GET"]}}],"collection":[{"href":"https:\/\/agora.xtec.cat\/ceip-fontfreda\/wp-json\/wp\/v2\/posts"}],"about":[{"href":"https:\/\/agora.xtec.cat\/ceip-fontfreda\/wp-json\/wp\/v2\/types\/post"}],"author":[{"embeddable":true,"href":"https:\/\/agora.xtec.cat\/ceip-fontfreda\/wp-json\/wp\/v2\/users\/1"}],"replies":[{"embeddable":true,"href":"https:\/\/agora.xtec.cat\/ceip-fontfreda\/wp-json\/wp\/v2\/comments?post=1091"}],"version-history":[{"count":3,"href":"https:\/\/agora.xtec.cat\/ceip-fontfreda\/wp-json\/wp\/v2\/posts\/1091\/revisions"}],"predecessor-version":[{"id":1095,"href":"https:\/\/agora.xtec.cat\/ceip-fontfreda\/wp-json\/wp\/v2\/posts\/1091\/revisions\/1095"}],"wp:attachment":[{"href":"https:\/\/agora.xtec.cat\/ceip-fontfreda\/wp-json\/wp\/v2\/media?parent=1091"}],"wp:term":[{"taxonomy":"category","embeddable":true,"href":"https:\/\/agora.xtec.cat\/ceip-fontfreda\/wp-json\/wp\/v2\/categories?post=1091"},{"taxonomy":"post_tag","embeddable":true,"href":"https:\/\/agora.xtec.cat\/ceip-fontfreda\/wp-json\/wp\/v2\/tags?post=1091"}],"curies":[{"name":"wp","href":"https:\/\/api.w.org\/{rel}","templated":true}]}}