{"id":10890,"date":"2024-02-16T07:01:46","date_gmt":"2024-02-16T06:01:46","guid":{"rendered":"https:\/\/agora.xtec.cat\/ceip-fontfreda\/?p=10890"},"modified":"2024-02-16T07:01:46","modified_gmt":"2024-02-16T06:01:46","slug":"setmana-cultural-2","status":"publish","type":"post","link":"https:\/\/agora.xtec.cat\/ceip-fontfreda\/general\/setmana-cultural-2\/","title":{"rendered":"setmana cultural"},"content":{"rendered":"<p>Al llarg de la setmana cultural, els nens i les nenes de 1r han realitzat diferents activitats i tallers relacionades amb el tema que enguany treballem a l&#8217;escola: Els Oceans.<\/p>\n<p>Tamb\u00e9 hem apr\u00e8s molts aspectes dels dofins i de les balenes ja que s\u00f3n els projectes que es treballen espec\u00edficament a 1rA i 1rB.<\/p>\n<p>A m\u00e9s, hem vigut cada dia amb la consigna que el rei carnestoltes ens va encomanar el dia del preg\u00f3 amb els seus manaments.<\/p>\n<p>I finalment, hem gaudit del divendres de carnaval amb una r\u00faa molt divertida!<\/p>\n<p>Cliqueu sobre la imatge per veure les fotografies!<\/p>\n<p><a href=\"https:\/\/drive.google.com\/drive\/folders\/1r91RftX6vVo7l76pemyDWDxIrVa691py?usp=sharing\"><img loading=\"lazy\" decoding=\"async\" class=\"alignnone size-full wp-image-10891\" src=\"https:\/\/agora.xtec.cat\/ceip-fontfreda\/wp-content\/uploads\/usu813\/2024\/02\/Captura-3.jpg\" alt=\"\" width=\"828\" height=\"536\" srcset=\"https:\/\/agora.xtec.cat\/ceip-fontfreda\/wp-content\/uploads\/usu813\/2024\/02\/Captura-3.jpg 828w, https:\/\/agora.xtec.cat\/ceip-fontfreda\/wp-content\/uploads\/usu813\/2024\/02\/Captura-3-300x194.jpg 300w, https:\/\/agora.xtec.cat\/ceip-fontfreda\/wp-content\/uploads\/usu813\/2024\/02\/Captura-3-768x497.jpg 768w\" sizes=\"auto, (max-width: 828px) 100vw, 828px\" \/><\/a><\/p>\n","protected":false},"excerpt":{"rendered":"<p>Al llarg de la setmana cultural, els nens i les nenes de 1r han realitzat diferents activitats i tallers relacionades amb el tema que enguany treballem a l&#8217;escola: Els Oceans.<br \/>\nTamb\u00e9 hem apr\u00e8s molts aspectes dels dofins i de les balenes ja que s\u00f3n els projectes&hellip;  <a href=\"https:\/\/agora.xtec.cat\/ceip-fontfreda\/general\/setmana-cultural-2\/\" title=\"Read setmana cultural\">Llegeix m\u00e9s\u00bb<\/a><\/p>\n","protected":false},"author":9,"featured_media":0,"comment_status":"open","ping_status":"closed","sticky":false,"template":"","format":"standard","meta":{"_bbp_topic_count":0,"_bbp_reply_count":0,"_bbp_total_topic_count":0,"_bbp_total_reply_count":0,"_bbp_voice_count":0,"_bbp_anonymous_reply_count":0,"_bbp_topic_count_hidden":0,"_bbp_reply_count_hidden":0,"_bbp_forum_subforum_count":0,"footnotes":""},"categories":[10,1,4],"tags":[],"class_list":["post-10890","post","type-post","status-publish","format-standard","hentry","category-1r","category-general","category-portada"],"post_mailing_queue_ids":[],"_links":{"self":[{"href":"https:\/\/agora.xtec.cat\/ceip-fontfreda\/wp-json\/wp\/v2\/posts\/10890","targetHints":{"allow":["GET"]}}],"collection":[{"href":"https:\/\/agora.xtec.cat\/ceip-fontfreda\/wp-json\/wp\/v2\/posts"}],"about":[{"href":"https:\/\/agora.xtec.cat\/ceip-fontfreda\/wp-json\/wp\/v2\/types\/post"}],"author":[{"embeddable":true,"href":"https:\/\/agora.xtec.cat\/ceip-fontfreda\/wp-json\/wp\/v2\/users\/9"}],"replies":[{"embeddable":true,"href":"https:\/\/agora.xtec.cat\/ceip-fontfreda\/wp-json\/wp\/v2\/comments?post=10890"}],"version-history":[{"count":1,"href":"https:\/\/agora.xtec.cat\/ceip-fontfreda\/wp-json\/wp\/v2\/posts\/10890\/revisions"}],"predecessor-version":[{"id":10892,"href":"https:\/\/agora.xtec.cat\/ceip-fontfreda\/wp-json\/wp\/v2\/posts\/10890\/revisions\/10892"}],"wp:attachment":[{"href":"https:\/\/agora.xtec.cat\/ceip-fontfreda\/wp-json\/wp\/v2\/media?parent=10890"}],"wp:term":[{"taxonomy":"category","embeddable":true,"href":"https:\/\/agora.xtec.cat\/ceip-fontfreda\/wp-json\/wp\/v2\/categories?post=10890"},{"taxonomy":"post_tag","embeddable":true,"href":"https:\/\/agora.xtec.cat\/ceip-fontfreda\/wp-json\/wp\/v2\/tags?post=10890"}],"curies":[{"name":"wp","href":"https:\/\/api.w.org\/{rel}","templated":true}]}}