{"id":10853,"date":"2024-02-13T11:24:54","date_gmt":"2024-02-13T10:24:54","guid":{"rendered":"https:\/\/agora.xtec.cat\/ceip-fontfreda\/?p=10853"},"modified":"2024-03-03T13:04:36","modified_gmt":"2024-03-03T12:04:36","slug":"carnaval-24","status":"publish","type":"post","link":"https:\/\/agora.xtec.cat\/ceip-fontfreda\/general\/carnaval-24\/","title":{"rendered":"CARNAVAL 24!"},"content":{"rendered":"<p>Al llarg d&#8217;aquesta setmana hem estat seguint les ordres del Senyor Carnestoltes i hem vingut a l&#8217;escola ben esbojarrats ! Si cliqueu a les imatges de les consignes podreu comprovar-ho!<\/p>\n<p><a href=\"https:\/\/drive.google.com\/drive\/folders\/1L58uE9aezN3gnY2bc241_R_vDAZVuY6s?usp=drive_link\"><img loading=\"lazy\" decoding=\"async\" class=\"alignleft wp-image-10856\" src=\"https:\/\/agora.xtec.cat\/ceip-fontfreda\/wp-content\/uploads\/usu813\/2024\/02\/DWMM0277.png\" alt=\"\" width=\"173\" height=\"308\" srcset=\"https:\/\/agora.xtec.cat\/ceip-fontfreda\/wp-content\/uploads\/usu813\/2024\/02\/DWMM0277.png 1080w, https:\/\/agora.xtec.cat\/ceip-fontfreda\/wp-content\/uploads\/usu813\/2024\/02\/DWMM0277-169x300.png 169w, https:\/\/agora.xtec.cat\/ceip-fontfreda\/wp-content\/uploads\/usu813\/2024\/02\/DWMM0277-576x1024.png 576w, https:\/\/agora.xtec.cat\/ceip-fontfreda\/wp-content\/uploads\/usu813\/2024\/02\/DWMM0277-768x1365.png 768w, https:\/\/agora.xtec.cat\/ceip-fontfreda\/wp-content\/uploads\/usu813\/2024\/02\/DWMM0277-864x1536.png 864w\" sizes=\"auto, (max-width: 173px) 100vw, 173px\" \/><\/a><\/p>\n<p><a href=\"https:\/\/drive.google.com\/drive\/folders\/1Zzmw6TdsTlB_siX2G3q7Uxm-RbPWzHXZ?usp=drive_link\"><img loading=\"lazy\" decoding=\"async\" class=\"wp-image-10854 alignleft\" src=\"https:\/\/agora.xtec.cat\/ceip-fontfreda\/wp-content\/uploads\/usu813\/2024\/02\/AMXE1206.png\" alt=\"\" width=\"174\" height=\"310\" srcset=\"https:\/\/agora.xtec.cat\/ceip-fontfreda\/wp-content\/uploads\/usu813\/2024\/02\/AMXE1206.png 1080w, https:\/\/agora.xtec.cat\/ceip-fontfreda\/wp-content\/uploads\/usu813\/2024\/02\/AMXE1206-169x300.png 169w, https:\/\/agora.xtec.cat\/ceip-fontfreda\/wp-content\/uploads\/usu813\/2024\/02\/AMXE1206-576x1024.png 576w, https:\/\/agora.xtec.cat\/ceip-fontfreda\/wp-content\/uploads\/usu813\/2024\/02\/AMXE1206-768x1365.png 768w, https:\/\/agora.xtec.cat\/ceip-fontfreda\/wp-content\/uploads\/usu813\/2024\/02\/AMXE1206-864x1536.png 864w\" sizes=\"auto, (max-width: 174px) 100vw, 174px\" \/><\/a><\/p>\n<p><a href=\"https:\/\/drive.google.com\/drive\/folders\/1pyU6v6vt_PUd6Lzkq6F-N1YYY_yXXHD2?usp=drive_link\"><img loading=\"lazy\" decoding=\"async\" class=\"wp-image-10855 alignleft\" src=\"https:\/\/agora.xtec.cat\/ceip-fontfreda\/wp-content\/uploads\/usu813\/2024\/02\/BJXF9923.png\" alt=\"\" width=\"174\" height=\"310\" srcset=\"https:\/\/agora.xtec.cat\/ceip-fontfreda\/wp-content\/uploads\/usu813\/2024\/02\/BJXF9923.png 1080w, https:\/\/agora.xtec.cat\/ceip-fontfreda\/wp-content\/uploads\/usu813\/2024\/02\/BJXF9923-169x300.png 169w, https:\/\/agora.xtec.cat\/ceip-fontfreda\/wp-content\/uploads\/usu813\/2024\/02\/BJXF9923-576x1024.png 576w, https:\/\/agora.xtec.cat\/ceip-fontfreda\/wp-content\/uploads\/usu813\/2024\/02\/BJXF9923-768x1365.png 768w, https:\/\/agora.xtec.cat\/ceip-fontfreda\/wp-content\/uploads\/usu813\/2024\/02\/BJXF9923-864x1536.png 864w\" sizes=\"auto, (max-width: 174px) 100vw, 174px\" \/><\/a><\/p>\n<p><a href=\"https:\/\/drive.google.com\/drive\/folders\/16sej_GsOyEbppGTHG04E3lxuZGcbSJ_R?usp=drive_link\"><img loading=\"lazy\" decoding=\"async\" class=\"wp-image-10858 alignleft\" src=\"https:\/\/agora.xtec.cat\/ceip-fontfreda\/wp-content\/uploads\/usu813\/2024\/02\/XAFD5693.png\" alt=\"\" width=\"174\" height=\"309\" srcset=\"https:\/\/agora.xtec.cat\/ceip-fontfreda\/wp-content\/uploads\/usu813\/2024\/02\/XAFD5693.png 1080w, https:\/\/agora.xtec.cat\/ceip-fontfreda\/wp-content\/uploads\/usu813\/2024\/02\/XAFD5693-169x300.png 169w, https:\/\/agora.xtec.cat\/ceip-fontfreda\/wp-content\/uploads\/usu813\/2024\/02\/XAFD5693-576x1024.png 576w, https:\/\/agora.xtec.cat\/ceip-fontfreda\/wp-content\/uploads\/usu813\/2024\/02\/XAFD5693-768x1365.png 768w, https:\/\/agora.xtec.cat\/ceip-fontfreda\/wp-content\/uploads\/usu813\/2024\/02\/XAFD5693-864x1536.png 864w\" sizes=\"auto, (max-width: 174px) 100vw, 174px\" \/><\/a><\/p>\n<p><a href=\"https:\/\/drive.google.com\/drive\/folders\/1udNOULPQZyNPPs4DXw4pYq0DZIGnQEr7?usp=drive_link\"><img loading=\"lazy\" decoding=\"async\" class=\"wp-image-10857 alignleft\" src=\"https:\/\/agora.xtec.cat\/ceip-fontfreda\/wp-content\/uploads\/usu813\/2024\/02\/OVJK2914.png\" alt=\"\" width=\"175\" height=\"312\" srcset=\"https:\/\/agora.xtec.cat\/ceip-fontfreda\/wp-content\/uploads\/usu813\/2024\/02\/OVJK2914.png 1080w, https:\/\/agora.xtec.cat\/ceip-fontfreda\/wp-content\/uploads\/usu813\/2024\/02\/OVJK2914-169x300.png 169w, https:\/\/agora.xtec.cat\/ceip-fontfreda\/wp-content\/uploads\/usu813\/2024\/02\/OVJK2914-576x1024.png 576w, https:\/\/agora.xtec.cat\/ceip-fontfreda\/wp-content\/uploads\/usu813\/2024\/02\/OVJK2914-768x1365.png 768w, https:\/\/agora.xtec.cat\/ceip-fontfreda\/wp-content\/uploads\/usu813\/2024\/02\/OVJK2914-864x1536.png 864w\" sizes=\"auto, (max-width: 175px) 100vw, 175px\" \/><\/a><\/p>\n<p>&nbsp;<\/p>\n<p>&nbsp;<\/p>\n<p>&nbsp;<\/p>\n<p>&nbsp;<\/p>\n<p>&nbsp;<\/p>\n<p>&nbsp;<\/p>\n<p>&nbsp;<\/p>\n<p>&nbsp;<\/p>\n<p>Divendres vam celebrar el final de la setmana cultural amb la rua de carnaval\u00a0 al gimn\u00e0s de l&#8217;escola i aix\u00ed vam poder mostrar les nostres disfresses als companys i companyes ! Les tutores i tutors van fer una gran feina amb les seves rues, quins balls, quins passos, quina categoria!\u00a0 Van desfilar tot un seguit d&#8217;animals marins, des d&#8217; estrelles de mar, fins pops, tortugues, peixos, dofins, balenes, mantes ratlles i els perillosos taurons que van estar a punt de menjar-se a un surfista!! Els oceans van donar punt i final a la festa amb la companyia dels membres de Greenpeace que ens recorden que entre tots podem sumar i cuidar dels nostres\u00a0 oceans.<\/p>\n<p>Lamentem que la pluja ens fes canviar la ubicaci\u00f3 de la rua i no poder gaudir junts de la festa. Agra\u00efm tamb\u00e9 la implicaci\u00f3 de les fam\u00edlies que van venir a ajudar als tallers per confeccionar\u00a0 la disfressa.<\/p>\n","protected":false},"excerpt":{"rendered":"<p>Al llarg d&#8217;aquesta setmana hem estat seguint les ordres del Senyor Carnestoltes i hem vingut a l&#8217;escola ben esbojarrats ! Si cliqueu a les imatges de les consignes podreu comprovar-ho!<br \/>\n<a href=\"https:\/\/drive.google.com\/drive\/folders\/1L58uE9aezN3gnY2bc241_R_vDAZVuY6s?usp=drive_link\"><\/a><br \/>\n<a href=\"https:\/\/drive.google.com\/drive\/folders\/1Zzmw6TdsTlB_siX2G3q7Uxm-RbPWzHXZ?usp=drive_link\"><\/a><br \/>\n<a href=\"https:\/\/drive.google.com\/drive\/folders\/1pyU6v6vt_PUd6Lzkq6F-N1YYY_yXXHD2?usp=drive_link\"><\/a><br \/>\n<a href=\"https:\/\/drive.google.com\/drive\/folders\/16sej_GsOyEbppGTHG04E3lxuZGcbSJ_R?usp=drive_link\"><\/a><br \/>\n<a href=\"https:\/\/drive.google.com\/drive\/folders\/1udNOULPQZyNPPs4DXw4pYq0DZIGnQEr7?usp=drive_link\"><\/a><br \/>\n&nbsp;<br \/>\n&nbsp;<br \/>\n&nbsp;<br \/>\n&nbsp;<br \/>\n&nbsp;<br \/>\n&nbsp;<br \/>\n&nbsp;<br \/>\n&nbsp;<br \/>\nDivendres vam celebrar el final de la setmana cultural amb la&hellip;  <a href=\"https:\/\/agora.xtec.cat\/ceip-fontfreda\/general\/carnaval-24\/\" title=\"Read CARNAVAL 24!\">Llegeix m\u00e9s\u00bb<\/a><\/p>\n","protected":false},"author":13,"featured_media":10872,"comment_status":"open","ping_status":"closed","sticky":false,"template":"","format":"standard","meta":{"_bbp_topic_count":0,"_bbp_reply_count":0,"_bbp_total_topic_count":0,"_bbp_total_reply_count":0,"_bbp_voice_count":0,"_bbp_anonymous_reply_count":0,"_bbp_topic_count_hidden":0,"_bbp_reply_count_hidden":0,"_bbp_forum_subforum_count":0,"footnotes":""},"categories":[10,11,12,13,14,15,1,3,8,9,2,4,5],"tags":[],"class_list":["post-10853","post","type-post","status-publish","format-standard","has-post-thumbnail","hentry","category-1r","category-2n","category-3r","category-4t","category-5e","category-6e","category-general","category-i3","category-i4","category-i5","category-infantil","category-portada","category-primaria"],"post_mailing_queue_ids":[],"_links":{"self":[{"href":"https:\/\/agora.xtec.cat\/ceip-fontfreda\/wp-json\/wp\/v2\/posts\/10853","targetHints":{"allow":["GET"]}}],"collection":[{"href":"https:\/\/agora.xtec.cat\/ceip-fontfreda\/wp-json\/wp\/v2\/posts"}],"about":[{"href":"https:\/\/agora.xtec.cat\/ceip-fontfreda\/wp-json\/wp\/v2\/types\/post"}],"author":[{"embeddable":true,"href":"https:\/\/agora.xtec.cat\/ceip-fontfreda\/wp-json\/wp\/v2\/users\/13"}],"replies":[{"embeddable":true,"href":"https:\/\/agora.xtec.cat\/ceip-fontfreda\/wp-json\/wp\/v2\/comments?post=10853"}],"version-history":[{"count":5,"href":"https:\/\/agora.xtec.cat\/ceip-fontfreda\/wp-json\/wp\/v2\/posts\/10853\/revisions"}],"predecessor-version":[{"id":10875,"href":"https:\/\/agora.xtec.cat\/ceip-fontfreda\/wp-json\/wp\/v2\/posts\/10853\/revisions\/10875"}],"wp:featuredmedia":[{"embeddable":true,"href":"https:\/\/agora.xtec.cat\/ceip-fontfreda\/wp-json\/wp\/v2\/media\/10872"}],"wp:attachment":[{"href":"https:\/\/agora.xtec.cat\/ceip-fontfreda\/wp-json\/wp\/v2\/media?parent=10853"}],"wp:term":[{"taxonomy":"category","embeddable":true,"href":"https:\/\/agora.xtec.cat\/ceip-fontfreda\/wp-json\/wp\/v2\/categories?post=10853"},{"taxonomy":"post_tag","embeddable":true,"href":"https:\/\/agora.xtec.cat\/ceip-fontfreda\/wp-json\/wp\/v2\/tags?post=10853"}],"curies":[{"name":"wp","href":"https:\/\/api.w.org\/{rel}","templated":true}]}}