{"id":10838,"date":"2024-02-03T16:45:15","date_gmt":"2024-02-03T15:45:15","guid":{"rendered":"https:\/\/agora.xtec.cat\/ceip-fontfreda\/?p=10838"},"modified":"2024-02-03T16:45:15","modified_gmt":"2024-02-03T15:45:15","slug":"educacio-infantil-lhivern-amb-els-peixos","status":"publish","type":"post","link":"https:\/\/agora.xtec.cat\/ceip-fontfreda\/portada\/educacio-infantil-lhivern-amb-els-peixos\/","title":{"rendered":"Educaci\u00f3 Infantil: L&#8217;Hivern amb els Peixos"},"content":{"rendered":"<p><a href=\"https:\/\/agora.xtec.cat\/ceip-fontfreda\/wp-content\/uploads\/usu813\/2024\/02\/dites-hivern-22-1200x900-1.jpg\"><img loading=\"lazy\" decoding=\"async\" class=\"alignnone  wp-image-10839\" src=\"https:\/\/agora.xtec.cat\/ceip-fontfreda\/wp-content\/uploads\/usu813\/2024\/02\/dites-hivern-22-1200x900-1-1024x768.jpg\" alt=\"\" width=\"330\" height=\"247\" srcset=\"https:\/\/agora.xtec.cat\/ceip-fontfreda\/wp-content\/uploads\/usu813\/2024\/02\/dites-hivern-22-1200x900-1-1024x768.jpg 1024w, https:\/\/agora.xtec.cat\/ceip-fontfreda\/wp-content\/uploads\/usu813\/2024\/02\/dites-hivern-22-1200x900-1-300x225.jpg 300w, https:\/\/agora.xtec.cat\/ceip-fontfreda\/wp-content\/uploads\/usu813\/2024\/02\/dites-hivern-22-1200x900-1-768x576.jpg 768w, https:\/\/agora.xtec.cat\/ceip-fontfreda\/wp-content\/uploads\/usu813\/2024\/02\/dites-hivern-22-1200x900-1-200x150.jpg 200w, https:\/\/agora.xtec.cat\/ceip-fontfreda\/wp-content\/uploads\/usu813\/2024\/02\/dites-hivern-22-1200x900-1.jpg 1200w\" sizes=\"auto, (max-width: 330px) 100vw, 330px\" \/><\/a><\/p>\n<p>Hola fam\u00edlies,<\/p>\n<p>Els nens i nenes d&#8217;Infantil 5 ja s\u00f3n especialistes en recon\u00e8ixer les caracter\u00edstiques de l&#8217;estaci\u00f3 de l&#8217;any de l&#8217;Hivern.<\/p>\n<p>Quins colors predominen en aquesta estaci\u00f3?<\/p>\n<p>Quins canvis observem en el nostre entorn m\u00e9s proper?<\/p>\n<p>A partir de diferents t\u00e8cniques pl\u00e0stiques aprenem, experimentem i gaudim plegats!<\/p>\n<p>A continuaci\u00f3, trobareu les evid\u00e8ncies dels nostres aprenentatges.<\/p>\n<p><a href=\"https:\/\/drive.google.com\/drive\/folders\/10TrYixgt-sAkfEO_2WncrlaVFO6Q7MsZ?usp=sharing\">Hivern a l&#8217;Escola<\/a><\/p>\n<p>&nbsp;<\/p>\n<p>&nbsp;<\/p>\n","protected":false},"excerpt":{"rendered":"<p><a href=\"https:\/\/agora.xtec.cat\/ceip-fontfreda\/wp-content\/uploads\/usu813\/2024\/02\/dites-hivern-22-1200x900-1.jpg\"><\/a><br \/>\nHola fam\u00edlies,<br \/>\nEls nens i nenes d&#8217;Infantil 5 ja s\u00f3n especialistes en recon\u00e8ixer les caracter\u00edstiques de l&#8217;estaci\u00f3 de l&#8217;any de l&#8217;Hivern.<br \/>\nQuins colors predominen en aquesta estaci\u00f3?<br \/>\nQuins canvis observem en el nostre entorn m\u00e9s proper?<br \/>\nA partir de diferents t\u00e8cniques pl\u00e0stiques aprenem, experimentem i gaudim plegats!<br \/>\nA continuaci\u00f3,&hellip;  <a href=\"https:\/\/agora.xtec.cat\/ceip-fontfreda\/portada\/educacio-infantil-lhivern-amb-els-peixos\/\" title=\"Read Educaci\u00f3 Infantil: L&#8217;Hivern amb els Peixos\">Llegeix m\u00e9s\u00bb<\/a><\/p>\n","protected":false},"author":53,"featured_media":0,"comment_status":"open","ping_status":"closed","sticky":false,"template":"","format":"standard","meta":{"_bbp_topic_count":0,"_bbp_reply_count":0,"_bbp_total_topic_count":0,"_bbp_total_reply_count":0,"_bbp_voice_count":0,"_bbp_anonymous_reply_count":0,"_bbp_topic_count_hidden":0,"_bbp_reply_count_hidden":0,"_bbp_forum_subforum_count":0,"footnotes":""},"categories":[9,4],"tags":[],"class_list":["post-10838","post","type-post","status-publish","format-standard","hentry","category-i5","category-portada"],"post_mailing_queue_ids":[],"_links":{"self":[{"href":"https:\/\/agora.xtec.cat\/ceip-fontfreda\/wp-json\/wp\/v2\/posts\/10838","targetHints":{"allow":["GET"]}}],"collection":[{"href":"https:\/\/agora.xtec.cat\/ceip-fontfreda\/wp-json\/wp\/v2\/posts"}],"about":[{"href":"https:\/\/agora.xtec.cat\/ceip-fontfreda\/wp-json\/wp\/v2\/types\/post"}],"author":[{"embeddable":true,"href":"https:\/\/agora.xtec.cat\/ceip-fontfreda\/wp-json\/wp\/v2\/users\/53"}],"replies":[{"embeddable":true,"href":"https:\/\/agora.xtec.cat\/ceip-fontfreda\/wp-json\/wp\/v2\/comments?post=10838"}],"version-history":[{"count":1,"href":"https:\/\/agora.xtec.cat\/ceip-fontfreda\/wp-json\/wp\/v2\/posts\/10838\/revisions"}],"predecessor-version":[{"id":10840,"href":"https:\/\/agora.xtec.cat\/ceip-fontfreda\/wp-json\/wp\/v2\/posts\/10838\/revisions\/10840"}],"wp:attachment":[{"href":"https:\/\/agora.xtec.cat\/ceip-fontfreda\/wp-json\/wp\/v2\/media?parent=10838"}],"wp:term":[{"taxonomy":"category","embeddable":true,"href":"https:\/\/agora.xtec.cat\/ceip-fontfreda\/wp-json\/wp\/v2\/categories?post=10838"},{"taxonomy":"post_tag","embeddable":true,"href":"https:\/\/agora.xtec.cat\/ceip-fontfreda\/wp-json\/wp\/v2\/tags?post=10838"}],"curies":[{"name":"wp","href":"https:\/\/api.w.org\/{rel}","templated":true}]}}