{"id":10832,"date":"2024-02-03T16:14:48","date_gmt":"2024-02-03T15:14:48","guid":{"rendered":"https:\/\/agora.xtec.cat\/ceip-fontfreda\/?p=10832"},"modified":"2024-02-03T16:35:17","modified_gmt":"2024-02-03T15:35:17","slug":"educacio-infantil-ambients-daprenentatge","status":"publish","type":"post","link":"https:\/\/agora.xtec.cat\/ceip-fontfreda\/general\/educacio-infantil-ambients-daprenentatge\/","title":{"rendered":"Educaci\u00f3 Infantil: Ambients d&#8217;Aprenentatge"},"content":{"rendered":"<p><a href=\"https:\/\/agora.xtec.cat\/ceip-fontfreda\/wp-content\/uploads\/usu813\/2024\/02\/6093b6b9-a2c8-4e06-898a-663b31afd303-2-868x430-1.jpg\"><img loading=\"lazy\" decoding=\"async\" class=\"alignnone wp-image-10833\" src=\"https:\/\/agora.xtec.cat\/ceip-fontfreda\/wp-content\/uploads\/usu813\/2024\/02\/6093b6b9-a2c8-4e06-898a-663b31afd303-2-868x430-1.jpg\" alt=\"\" width=\"426\" height=\"211\" srcset=\"https:\/\/agora.xtec.cat\/ceip-fontfreda\/wp-content\/uploads\/usu813\/2024\/02\/6093b6b9-a2c8-4e06-898a-663b31afd303-2-868x430-1.jpg 868w, https:\/\/agora.xtec.cat\/ceip-fontfreda\/wp-content\/uploads\/usu813\/2024\/02\/6093b6b9-a2c8-4e06-898a-663b31afd303-2-868x430-1-300x149.jpg 300w, https:\/\/agora.xtec.cat\/ceip-fontfreda\/wp-content\/uploads\/usu813\/2024\/02\/6093b6b9-a2c8-4e06-898a-663b31afd303-2-868x430-1-768x380.jpg 768w\" sizes=\"auto, (max-width: 426px) 100vw, 426px\" \/><\/a><\/p>\n<p style=\"text-align: left\">Hola fam\u00edlies,<\/p>\n<p style=\"text-align: left\">A Educaci\u00f3 Infantil comencem el trimestre amb noves propostes d&#8217;Ambients d&#8217;Aprenentatge. Renovem els nostres espais per tal que l&#8217;alumnat pugui<span style=\"font-weight: 400\"> construir els seus aprenentatges de manera espont\u00e0nia.\u00a0<\/span><\/p>\n<p style=\"text-align: left\">A continuaci\u00f3, trobareu un recull de fotografies dels diferents Ambients: Minimons, Hort, Experimentaci\u00f3, Llum i Joc Simb\u00f2lic!<\/p>\n<p style=\"text-align: left\"><a href=\"https:\/\/drive.google.com\/drive\/folders\/1q1JLcPBTGwuphpRKYRFXHymvwD-i8X_S?usp=sharing\">Ambients d&#8217;Aprenentatge<\/a><\/p>\n<p style=\"text-align: left\">Les Mestres d&#8217;Educaci\u00f3 Infantil<\/p>\n","protected":false},"excerpt":{"rendered":"<p><a href=\"https:\/\/agora.xtec.cat\/ceip-fontfreda\/wp-content\/uploads\/usu813\/2024\/02\/6093b6b9-a2c8-4e06-898a-663b31afd303-2-868x430-1.jpg\"><\/a><br \/>\nHola fam\u00edlies,<br \/>\nA Educaci\u00f3 Infantil comencem el trimestre amb noves propostes d&#8217;Ambients d&#8217;Aprenentatge. Renovem els nostres espais per tal que l&#8217;alumnat pugui construir els seus aprenentatges de manera espont\u00e0nia.\u00a0<br \/>\nA continuaci\u00f3, trobareu un recull de fotografies dels diferents Ambients: Minimons, Hort, Experimentaci\u00f3, Llum i Joc Simb\u00f2lic!<br \/>\n<a&hellip;  <a href=\"https:\/\/agora.xtec.cat\/ceip-fontfreda\/general\/educacio-infantil-ambients-daprenentatge\/\" title=\"Read Educaci\u00f3 Infantil: Ambients d&#8217;Aprenentatge\">Llegeix m\u00e9s\u00bb<\/a><\/p>\n","protected":false},"author":53,"featured_media":0,"comment_status":"open","ping_status":"closed","sticky":false,"template":"","format":"standard","meta":{"_bbp_topic_count":0,"_bbp_reply_count":0,"_bbp_total_topic_count":0,"_bbp_total_reply_count":0,"_bbp_voice_count":0,"_bbp_anonymous_reply_count":0,"_bbp_topic_count_hidden":0,"_bbp_reply_count_hidden":0,"_bbp_forum_subforum_count":0,"footnotes":""},"categories":[1,3,8,9,2,4],"tags":[],"class_list":["post-10832","post","type-post","status-publish","format-standard","hentry","category-general","category-i3","category-i4","category-i5","category-infantil","category-portada"],"post_mailing_queue_ids":[],"_links":{"self":[{"href":"https:\/\/agora.xtec.cat\/ceip-fontfreda\/wp-json\/wp\/v2\/posts\/10832","targetHints":{"allow":["GET"]}}],"collection":[{"href":"https:\/\/agora.xtec.cat\/ceip-fontfreda\/wp-json\/wp\/v2\/posts"}],"about":[{"href":"https:\/\/agora.xtec.cat\/ceip-fontfreda\/wp-json\/wp\/v2\/types\/post"}],"author":[{"embeddable":true,"href":"https:\/\/agora.xtec.cat\/ceip-fontfreda\/wp-json\/wp\/v2\/users\/53"}],"replies":[{"embeddable":true,"href":"https:\/\/agora.xtec.cat\/ceip-fontfreda\/wp-json\/wp\/v2\/comments?post=10832"}],"version-history":[{"count":3,"href":"https:\/\/agora.xtec.cat\/ceip-fontfreda\/wp-json\/wp\/v2\/posts\/10832\/revisions"}],"predecessor-version":[{"id":10837,"href":"https:\/\/agora.xtec.cat\/ceip-fontfreda\/wp-json\/wp\/v2\/posts\/10832\/revisions\/10837"}],"wp:attachment":[{"href":"https:\/\/agora.xtec.cat\/ceip-fontfreda\/wp-json\/wp\/v2\/media?parent=10832"}],"wp:term":[{"taxonomy":"category","embeddable":true,"href":"https:\/\/agora.xtec.cat\/ceip-fontfreda\/wp-json\/wp\/v2\/categories?post=10832"},{"taxonomy":"post_tag","embeddable":true,"href":"https:\/\/agora.xtec.cat\/ceip-fontfreda\/wp-json\/wp\/v2\/tags?post=10832"}],"curies":[{"name":"wp","href":"https:\/\/api.w.org\/{rel}","templated":true}]}}