{"id":10808,"date":"2024-01-07T00:29:08","date_gmt":"2024-01-06T23:29:08","guid":{"rendered":"https:\/\/agora.xtec.cat\/ceip-fontfreda\/?p=10808"},"modified":"2024-01-08T22:53:00","modified_gmt":"2024-01-08T21:53:00","slug":"educacio-infantil-tio-de-nadal","status":"publish","type":"post","link":"https:\/\/agora.xtec.cat\/ceip-fontfreda\/infantil\/educacio-infantil-tio-de-nadal\/","title":{"rendered":"Educaci\u00f3 Infantil: Ti\u00f3 de Nadal"},"content":{"rendered":"<p>Hola fam\u00edlies,<\/p>\n<p>Els \u00faltims dies d&#8217;escola van ser molt intensos, plens d&#8217;emocions i molts nervis! La nostra gran visita de cada any ens va fer uns regals merescuts l&#8217;\u00faltim dia d&#8217;escola.<\/p>\n<p>Les nenes i els nens d&#8217;infantil s&#8217;ho van passar d&#8217;all\u00f2 m\u00e9s b\u00e9 cuidant i cagant el Ti\u00f3 de Nadal!<\/p>\n<p>A continuaci\u00f3, trobareu un recull de fotografies.<\/p>\n<p><a href=\"https:\/\/drive.google.com\/drive\/folders\/1fCZeNuK8ZA2rA3bHVN-SyDmWCcUH9VG6?usp=sharing\">Ti\u00f3 de Nadal<\/a><\/p>\n<p>Desitgem que us agradin!<\/p>\n<p>&nbsp;<\/p>\n","protected":false},"excerpt":{"rendered":"<p>Hola fam\u00edlies,<br \/>\nEls \u00faltims dies d&#8217;escola van ser molt intensos, plens d&#8217;emocions i molts nervis! La nostra gran visita de cada any ens va fer uns regals merescuts l&#8217;\u00faltim dia d&#8217;escola.<br \/>\nLes nenes i els nens d&#8217;infantil s&#8217;ho van passar d&#8217;all\u00f2 m\u00e9s b\u00e9 cuidant i cagant el&hellip;  <a href=\"https:\/\/agora.xtec.cat\/ceip-fontfreda\/infantil\/educacio-infantil-tio-de-nadal\/\" title=\"Read Educaci\u00f3 Infantil: Ti\u00f3 de Nadal\">Llegeix m\u00e9s\u00bb<\/a><\/p>\n","protected":false},"author":53,"featured_media":10809,"comment_status":"open","ping_status":"closed","sticky":false,"template":"","format":"standard","meta":{"_bbp_topic_count":0,"_bbp_reply_count":0,"_bbp_total_topic_count":0,"_bbp_total_reply_count":0,"_bbp_voice_count":0,"_bbp_anonymous_reply_count":0,"_bbp_topic_count_hidden":0,"_bbp_reply_count_hidden":0,"_bbp_forum_subforum_count":0,"footnotes":""},"categories":[3,8,9,2,4],"tags":[],"class_list":["post-10808","post","type-post","status-publish","format-standard","has-post-thumbnail","hentry","category-i3","category-i4","category-i5","category-infantil","category-portada"],"post_mailing_queue_ids":[],"_links":{"self":[{"href":"https:\/\/agora.xtec.cat\/ceip-fontfreda\/wp-json\/wp\/v2\/posts\/10808","targetHints":{"allow":["GET"]}}],"collection":[{"href":"https:\/\/agora.xtec.cat\/ceip-fontfreda\/wp-json\/wp\/v2\/posts"}],"about":[{"href":"https:\/\/agora.xtec.cat\/ceip-fontfreda\/wp-json\/wp\/v2\/types\/post"}],"author":[{"embeddable":true,"href":"https:\/\/agora.xtec.cat\/ceip-fontfreda\/wp-json\/wp\/v2\/users\/53"}],"replies":[{"embeddable":true,"href":"https:\/\/agora.xtec.cat\/ceip-fontfreda\/wp-json\/wp\/v2\/comments?post=10808"}],"version-history":[{"count":1,"href":"https:\/\/agora.xtec.cat\/ceip-fontfreda\/wp-json\/wp\/v2\/posts\/10808\/revisions"}],"predecessor-version":[{"id":10810,"href":"https:\/\/agora.xtec.cat\/ceip-fontfreda\/wp-json\/wp\/v2\/posts\/10808\/revisions\/10810"}],"wp:featuredmedia":[{"embeddable":true,"href":"https:\/\/agora.xtec.cat\/ceip-fontfreda\/wp-json\/wp\/v2\/media\/10809"}],"wp:attachment":[{"href":"https:\/\/agora.xtec.cat\/ceip-fontfreda\/wp-json\/wp\/v2\/media?parent=10808"}],"wp:term":[{"taxonomy":"category","embeddable":true,"href":"https:\/\/agora.xtec.cat\/ceip-fontfreda\/wp-json\/wp\/v2\/categories?post=10808"},{"taxonomy":"post_tag","embeddable":true,"href":"https:\/\/agora.xtec.cat\/ceip-fontfreda\/wp-json\/wp\/v2\/tags?post=10808"}],"curies":[{"name":"wp","href":"https:\/\/api.w.org\/{rel}","templated":true}]}}