{"id":10801,"date":"2024-01-05T14:06:06","date_gmt":"2024-01-05T13:06:06","guid":{"rendered":"https:\/\/agora.xtec.cat\/ceip-fontfreda\/?p=10801"},"modified":"2024-01-05T14:06:06","modified_gmt":"2024-01-05T13:06:06","slug":"concerts-de-nadal","status":"publish","type":"post","link":"https:\/\/agora.xtec.cat\/ceip-fontfreda\/general\/concerts-de-nadal\/","title":{"rendered":"CONCERTS DE NADAL"},"content":{"rendered":"<p>Aquest curs el concert de Nadal s&#8217;ha fet dalt d&#8217;un creuer i hem acompanyat a un grup de nens i nenes de l&#8217;escola amb diferents personalitats (valent, poruc, ecologista, amant dels animals, i el que viu al dia despreocupadament) que fan un creuer per tot el m\u00f3n descobrint les belleses dels oceans alhora que tamb\u00e9 se n&#8217;adonen del trist problema de la contaminaci\u00f3 i el desgel degut al canvi clim\u00e0tic. Al final del viatge potser alg\u00fa es repensa una mica la seva manera de viure i entre tots aconseguiran un m\u00f3n millor.<\/p>\n<p>Si ens veu acompanyar aqu\u00ed ho podreu tornar a veure. Que ho gaudiu!<\/p>\n<p>Cliqueu a la foto per veure els videos:<\/p>\n<p><a href=\"https:\/\/drive.google.com\/drive\/folders\/1H8Ob_cDo_7MfMuOhQT1dfnQVarQfTTc_?usp=drive_link\"><img loading=\"lazy\" decoding=\"async\" class=\"aligncenter wp-image-10802 \" src=\"https:\/\/agora.xtec.cat\/ceip-fontfreda\/wp-content\/uploads\/usu813\/2024\/01\/CONCERT-FOTO-1-scaled-e1704459904516.jpg\" alt=\"\" width=\"298\" height=\"263\" srcset=\"https:\/\/agora.xtec.cat\/ceip-fontfreda\/wp-content\/uploads\/usu813\/2024\/01\/CONCERT-FOTO-1-scaled-e1704459904516.jpg 2521w, https:\/\/agora.xtec.cat\/ceip-fontfreda\/wp-content\/uploads\/usu813\/2024\/01\/CONCERT-FOTO-1-scaled-e1704459904516-300x265.jpg 300w, https:\/\/agora.xtec.cat\/ceip-fontfreda\/wp-content\/uploads\/usu813\/2024\/01\/CONCERT-FOTO-1-scaled-e1704459904516-1024x906.jpg 1024w, https:\/\/agora.xtec.cat\/ceip-fontfreda\/wp-content\/uploads\/usu813\/2024\/01\/CONCERT-FOTO-1-scaled-e1704459904516-768x680.jpg 768w, https:\/\/agora.xtec.cat\/ceip-fontfreda\/wp-content\/uploads\/usu813\/2024\/01\/CONCERT-FOTO-1-scaled-e1704459904516-1536x1359.jpg 1536w, https:\/\/agora.xtec.cat\/ceip-fontfreda\/wp-content\/uploads\/usu813\/2024\/01\/CONCERT-FOTO-1-scaled-e1704459904516-2048x1812.jpg 2048w\" sizes=\"auto, (max-width: 298px) 100vw, 298px\" \/><\/a><\/p>\n","protected":false},"excerpt":{"rendered":"<p>Aquest curs el concert de Nadal s&#8217;ha fet dalt d&#8217;un creuer i hem acompanyat a un grup de nens i nenes de l&#8217;escola amb diferents personalitats (valent, poruc, ecologista, amant dels animals, i el que viu al dia despreocupadament) que fan un creuer per tot&hellip;  <a href=\"https:\/\/agora.xtec.cat\/ceip-fontfreda\/general\/concerts-de-nadal\/\" title=\"Read CONCERTS DE NADAL\">Llegeix m\u00e9s\u00bb<\/a><\/p>\n","protected":false},"author":13,"featured_media":0,"comment_status":"open","ping_status":"closed","sticky":false,"template":"","format":"standard","meta":{"_bbp_topic_count":0,"_bbp_reply_count":0,"_bbp_total_topic_count":0,"_bbp_total_reply_count":0,"_bbp_voice_count":0,"_bbp_anonymous_reply_count":0,"_bbp_topic_count_hidden":0,"_bbp_reply_count_hidden":0,"_bbp_forum_subforum_count":0,"footnotes":""},"categories":[10,11,12,13,14,15,1,3,8,9,2,75,4,5],"tags":[],"class_list":["post-10801","post","type-post","status-publish","format-standard","hentry","category-1r","category-2n","category-3r","category-4t","category-5e","category-6e","category-general","category-i3","category-i4","category-i5","category-infantil","category-mus","category-portada","category-primaria"],"post_mailing_queue_ids":[],"_links":{"self":[{"href":"https:\/\/agora.xtec.cat\/ceip-fontfreda\/wp-json\/wp\/v2\/posts\/10801","targetHints":{"allow":["GET"]}}],"collection":[{"href":"https:\/\/agora.xtec.cat\/ceip-fontfreda\/wp-json\/wp\/v2\/posts"}],"about":[{"href":"https:\/\/agora.xtec.cat\/ceip-fontfreda\/wp-json\/wp\/v2\/types\/post"}],"author":[{"embeddable":true,"href":"https:\/\/agora.xtec.cat\/ceip-fontfreda\/wp-json\/wp\/v2\/users\/13"}],"replies":[{"embeddable":true,"href":"https:\/\/agora.xtec.cat\/ceip-fontfreda\/wp-json\/wp\/v2\/comments?post=10801"}],"version-history":[{"count":1,"href":"https:\/\/agora.xtec.cat\/ceip-fontfreda\/wp-json\/wp\/v2\/posts\/10801\/revisions"}],"predecessor-version":[{"id":10803,"href":"https:\/\/agora.xtec.cat\/ceip-fontfreda\/wp-json\/wp\/v2\/posts\/10801\/revisions\/10803"}],"wp:attachment":[{"href":"https:\/\/agora.xtec.cat\/ceip-fontfreda\/wp-json\/wp\/v2\/media?parent=10801"}],"wp:term":[{"taxonomy":"category","embeddable":true,"href":"https:\/\/agora.xtec.cat\/ceip-fontfreda\/wp-json\/wp\/v2\/categories?post=10801"},{"taxonomy":"post_tag","embeddable":true,"href":"https:\/\/agora.xtec.cat\/ceip-fontfreda\/wp-json\/wp\/v2\/tags?post=10801"}],"curies":[{"name":"wp","href":"https:\/\/api.w.org\/{rel}","templated":true}]}}