{"id":10764,"date":"2023-11-27T22:27:13","date_gmt":"2023-11-27T21:27:13","guid":{"rendered":"https:\/\/agora.xtec.cat\/ceip-fontfreda\/?p=10764"},"modified":"2023-11-27T22:27:13","modified_gmt":"2023-11-27T21:27:13","slug":"educacio-infantil-25-novembre","status":"publish","type":"post","link":"https:\/\/agora.xtec.cat\/ceip-fontfreda\/general\/educacio-infantil-25-novembre\/","title":{"rendered":"Educaci\u00f3 Infantil: 25 Novembre"},"content":{"rendered":"<p>Hola fam\u00edlies,<\/p>\n<p>Hem celebrat el dia contra la viol\u00e8ncia de g\u00e8nere amb tot un seguit d&#8217;activitats pl\u00e0stiques i contes que treballen el respecte i la tol\u00e8rancia zero davant de qualsevol mena d&#8217;ab\u00fas i maltractament. Totes i tots som companyes i companys, ens estimem i ens respectem i expressem el que ens agrada i el que ens fa sentir malament.<\/p>\n<p>A continuaci\u00f3, us deixem un recull de fotografies que desitgem que us agradin de tot cor!<\/p>\n<p><img loading=\"lazy\" decoding=\"async\" class=\"\" src=\"https:\/\/laveu.cat\/wp-content\/uploads\/2023\/09\/vestits-vermells.jpg\" alt=\"Vestits Vermells repr\u00e8n els actes de den\u00fancia dels feminicidis despr\u00e9s d'un  estiu negre - La Veu de Montcada i Reixac\" width=\"353\" height=\"353\" \/><\/p>\n<p><a href=\"https:\/\/drive.google.com\/drive\/folders\/1T-pfmo6CrBhyrEbo_Hrd60EPRY1HPyhv?usp=sharing\">25 Novembre<\/a><\/p>\n<p><strong><em>&#8220;Debemos decirles a nuestr@s j\u00f3venes, que sus voces son importantes&#8221; <\/em><\/strong><strong><em>Malala Yousafzai<\/em><\/strong><\/p>\n","protected":false},"excerpt":{"rendered":"<p>Hola fam\u00edlies,<br \/>\nHem celebrat el dia contra la viol\u00e8ncia de g\u00e8nere amb tot un seguit d&#8217;activitats pl\u00e0stiques i contes que treballen el respecte i la tol\u00e8rancia zero davant de qualsevol mena d&#8217;ab\u00fas i maltractament. Totes i tots som companyes i companys, ens estimem i ens respectem&hellip;  <a href=\"https:\/\/agora.xtec.cat\/ceip-fontfreda\/general\/educacio-infantil-25-novembre\/\" title=\"Read Educaci\u00f3 Infantil: 25 Novembre\">Llegeix m\u00e9s\u00bb<\/a><\/p>\n","protected":false},"author":53,"featured_media":0,"comment_status":"open","ping_status":"closed","sticky":false,"template":"","format":"standard","meta":{"_bbp_topic_count":0,"_bbp_reply_count":0,"_bbp_total_topic_count":0,"_bbp_total_reply_count":0,"_bbp_voice_count":0,"_bbp_anonymous_reply_count":0,"_bbp_topic_count_hidden":0,"_bbp_reply_count_hidden":0,"_bbp_forum_subforum_count":0,"footnotes":""},"categories":[1,3,8,9,2,4],"tags":[],"class_list":["post-10764","post","type-post","status-publish","format-standard","hentry","category-general","category-i3","category-i4","category-i5","category-infantil","category-portada"],"post_mailing_queue_ids":[],"_links":{"self":[{"href":"https:\/\/agora.xtec.cat\/ceip-fontfreda\/wp-json\/wp\/v2\/posts\/10764","targetHints":{"allow":["GET"]}}],"collection":[{"href":"https:\/\/agora.xtec.cat\/ceip-fontfreda\/wp-json\/wp\/v2\/posts"}],"about":[{"href":"https:\/\/agora.xtec.cat\/ceip-fontfreda\/wp-json\/wp\/v2\/types\/post"}],"author":[{"embeddable":true,"href":"https:\/\/agora.xtec.cat\/ceip-fontfreda\/wp-json\/wp\/v2\/users\/53"}],"replies":[{"embeddable":true,"href":"https:\/\/agora.xtec.cat\/ceip-fontfreda\/wp-json\/wp\/v2\/comments?post=10764"}],"version-history":[{"count":1,"href":"https:\/\/agora.xtec.cat\/ceip-fontfreda\/wp-json\/wp\/v2\/posts\/10764\/revisions"}],"predecessor-version":[{"id":10765,"href":"https:\/\/agora.xtec.cat\/ceip-fontfreda\/wp-json\/wp\/v2\/posts\/10764\/revisions\/10765"}],"wp:attachment":[{"href":"https:\/\/agora.xtec.cat\/ceip-fontfreda\/wp-json\/wp\/v2\/media?parent=10764"}],"wp:term":[{"taxonomy":"category","embeddable":true,"href":"https:\/\/agora.xtec.cat\/ceip-fontfreda\/wp-json\/wp\/v2\/categories?post=10764"},{"taxonomy":"post_tag","embeddable":true,"href":"https:\/\/agora.xtec.cat\/ceip-fontfreda\/wp-json\/wp\/v2\/tags?post=10764"}],"curies":[{"name":"wp","href":"https:\/\/api.w.org\/{rel}","templated":true}]}}