{"id":10747,"date":"2023-11-19T18:35:10","date_gmt":"2023-11-19T17:35:10","guid":{"rendered":"https:\/\/agora.xtec.cat\/ceip-fontfreda\/?p=10747"},"modified":"2023-11-19T18:35:10","modified_gmt":"2023-11-19T17:35:10","slug":"temps-dukelele-2","status":"publish","type":"post","link":"https:\/\/agora.xtec.cat\/ceip-fontfreda\/portada\/temps-dukelele-2\/","title":{"rendered":"TEMPS D&#8217;UKELELE"},"content":{"rendered":"<p>A cinqu\u00e8 destinem una tarda a la setmana a tocar l&#8217;ukelele, i a m\u00e9s tenim el projecte ja engegat de l&#8217;ukelele viatger, on cada setmana un alumne\/a s&#8217;emporta l&#8217;ukelele a casa seva i pot tocar partitures del llibre, o aprendre de videos de l&#8217;enlla\u00e7 del youtube o inventar-se melodies i rasguejar&#8230; Quan tornen a la setmana seguent ens ensenyen el que han estat practicant i \u00e9s tot una meravella!<\/p>\n<p>Avui us comparteixo un video de la \u00faltima can\u00e7\u00f3 que hem montat, i l<a href=\"https:\/\/drive.google.com\/drive\/folders\/1w9g-OIaAI3TJZPTV2LMo-diHTdDHjrqx?usp=sharing\">&#8216;enlla\u00e7<\/a> a algunes fotos.<\/p>\n<p><iframe loading=\"lazy\" title=\"YouTube video player\" src=\"\/\/www.youtube.com\/embed\/yf2voLTCcog?si=V1qEMFdXXMtjhRQB\" width=\"560\" height=\"315\" frameborder=\"0\" allowfullscreen=\"allowfullscreen\"><\/iframe><\/p>\n<p>A que ho fan s\u00faper b\u00e9? Amb aquesta can\u00e7\u00f3 ja han apr\u00e8s a rasguejar amb l&#8217;acord de DoM, aix\u00f2 implica posar un ditet al diapas\u00f3 !<\/p>\n<p><img loading=\"lazy\" decoding=\"async\" class=\"aligncenter size-full wp-image-10748\" src=\"https:\/\/agora.xtec.cat\/ceip-fontfreda\/wp-content\/uploads\/usu813\/2023\/11\/IMG_6241-scaled.jpg\" alt=\"\" width=\"2560\" height=\"1920\" srcset=\"https:\/\/agora.xtec.cat\/ceip-fontfreda\/wp-content\/uploads\/usu813\/2023\/11\/IMG_6241-scaled.jpg 2560w, https:\/\/agora.xtec.cat\/ceip-fontfreda\/wp-content\/uploads\/usu813\/2023\/11\/IMG_6241-300x225.jpg 300w, https:\/\/agora.xtec.cat\/ceip-fontfreda\/wp-content\/uploads\/usu813\/2023\/11\/IMG_6241-1024x768.jpg 1024w, https:\/\/agora.xtec.cat\/ceip-fontfreda\/wp-content\/uploads\/usu813\/2023\/11\/IMG_6241-768x576.jpg 768w, https:\/\/agora.xtec.cat\/ceip-fontfreda\/wp-content\/uploads\/usu813\/2023\/11\/IMG_6241-1536x1152.jpg 1536w, https:\/\/agora.xtec.cat\/ceip-fontfreda\/wp-content\/uploads\/usu813\/2023\/11\/IMG_6241-2048x1536.jpg 2048w, https:\/\/agora.xtec.cat\/ceip-fontfreda\/wp-content\/uploads\/usu813\/2023\/11\/IMG_6241-200x150.jpg 200w\" sizes=\"auto, (max-width: 2560px) 100vw, 2560px\" \/> <img loading=\"lazy\" decoding=\"async\" class=\"aligncenter size-full wp-image-10749\" src=\"https:\/\/agora.xtec.cat\/ceip-fontfreda\/wp-content\/uploads\/usu813\/2023\/11\/IMG_6248-scaled.jpg\" alt=\"\" width=\"2560\" height=\"1920\" srcset=\"https:\/\/agora.xtec.cat\/ceip-fontfreda\/wp-content\/uploads\/usu813\/2023\/11\/IMG_6248-scaled.jpg 2560w, https:\/\/agora.xtec.cat\/ceip-fontfreda\/wp-content\/uploads\/usu813\/2023\/11\/IMG_6248-300x225.jpg 300w, https:\/\/agora.xtec.cat\/ceip-fontfreda\/wp-content\/uploads\/usu813\/2023\/11\/IMG_6248-1024x768.jpg 1024w, https:\/\/agora.xtec.cat\/ceip-fontfreda\/wp-content\/uploads\/usu813\/2023\/11\/IMG_6248-768x576.jpg 768w, https:\/\/agora.xtec.cat\/ceip-fontfreda\/wp-content\/uploads\/usu813\/2023\/11\/IMG_6248-1536x1152.jpg 1536w, https:\/\/agora.xtec.cat\/ceip-fontfreda\/wp-content\/uploads\/usu813\/2023\/11\/IMG_6248-2048x1536.jpg 2048w, https:\/\/agora.xtec.cat\/ceip-fontfreda\/wp-content\/uploads\/usu813\/2023\/11\/IMG_6248-200x150.jpg 200w\" sizes=\"auto, (max-width: 2560px) 100vw, 2560px\" \/><\/p>\n","protected":false},"excerpt":{"rendered":"<p>A cinqu\u00e8 destinem una tarda a la setmana a tocar l&#8217;ukelele, i a m\u00e9s tenim el projecte ja engegat de l&#8217;ukelele viatger, on cada setmana un alumne\/a s&#8217;emporta l&#8217;ukelele a casa seva i pot tocar partitures del llibre, o aprendre de videos de l&#8217;enlla\u00e7 del&hellip;  <a href=\"https:\/\/agora.xtec.cat\/ceip-fontfreda\/portada\/temps-dukelele-2\/\" title=\"Read TEMPS D&#8217;UKELELE\">Llegeix m\u00e9s\u00bb<\/a><\/p>\n","protected":false},"author":13,"featured_media":10136,"comment_status":"open","ping_status":"closed","sticky":false,"template":"","format":"standard","meta":{"_bbp_topic_count":0,"_bbp_reply_count":0,"_bbp_total_topic_count":0,"_bbp_total_reply_count":0,"_bbp_voice_count":0,"_bbp_anonymous_reply_count":0,"_bbp_topic_count_hidden":0,"_bbp_reply_count_hidden":0,"_bbp_forum_subforum_count":0,"footnotes":""},"categories":[14,73,75,4],"tags":[70,111],"class_list":["post-10747","post","type-post","status-publish","format-standard","has-post-thumbnail","hentry","category-5e","category-especialitats","category-mus","category-portada","tag-musica","tag-ukelele"],"post_mailing_queue_ids":[],"_links":{"self":[{"href":"https:\/\/agora.xtec.cat\/ceip-fontfreda\/wp-json\/wp\/v2\/posts\/10747","targetHints":{"allow":["GET"]}}],"collection":[{"href":"https:\/\/agora.xtec.cat\/ceip-fontfreda\/wp-json\/wp\/v2\/posts"}],"about":[{"href":"https:\/\/agora.xtec.cat\/ceip-fontfreda\/wp-json\/wp\/v2\/types\/post"}],"author":[{"embeddable":true,"href":"https:\/\/agora.xtec.cat\/ceip-fontfreda\/wp-json\/wp\/v2\/users\/13"}],"replies":[{"embeddable":true,"href":"https:\/\/agora.xtec.cat\/ceip-fontfreda\/wp-json\/wp\/v2\/comments?post=10747"}],"version-history":[{"count":1,"href":"https:\/\/agora.xtec.cat\/ceip-fontfreda\/wp-json\/wp\/v2\/posts\/10747\/revisions"}],"predecessor-version":[{"id":10750,"href":"https:\/\/agora.xtec.cat\/ceip-fontfreda\/wp-json\/wp\/v2\/posts\/10747\/revisions\/10750"}],"wp:featuredmedia":[{"embeddable":true,"href":"https:\/\/agora.xtec.cat\/ceip-fontfreda\/wp-json\/wp\/v2\/media\/10136"}],"wp:attachment":[{"href":"https:\/\/agora.xtec.cat\/ceip-fontfreda\/wp-json\/wp\/v2\/media?parent=10747"}],"wp:term":[{"taxonomy":"category","embeddable":true,"href":"https:\/\/agora.xtec.cat\/ceip-fontfreda\/wp-json\/wp\/v2\/categories?post=10747"},{"taxonomy":"post_tag","embeddable":true,"href":"https:\/\/agora.xtec.cat\/ceip-fontfreda\/wp-json\/wp\/v2\/tags?post=10747"}],"curies":[{"name":"wp","href":"https:\/\/api.w.org\/{rel}","templated":true}]}}