{"id":10709,"date":"2023-11-12T14:35:10","date_gmt":"2023-11-12T13:35:10","guid":{"rendered":"https:\/\/agora.xtec.cat\/ceip-fontfreda\/?p=10709"},"modified":"2023-11-12T14:38:18","modified_gmt":"2023-11-12T13:38:18","slug":"cursa-unoentrecienmil","status":"publish","type":"post","link":"https:\/\/agora.xtec.cat\/ceip-fontfreda\/general\/cursa-unoentrecienmil\/","title":{"rendered":"CURSA UNOENTRECIENMIL"},"content":{"rendered":"<p><span style=\"font-weight: 400;\">El 20 d\u2019octubre a la tarda vam participar junt amb l&#8217;AFA, de la 9\u00aa edici\u00f3 de La vuelta al cole &#8220;unoentrecienmil&#8221;.\u00a0<\/span><\/p>\n<p><span style=\"font-weight: 400;\">Es tracta d&#8217;un acte solidari per recaptar diners per a que la fundaci\u00f3 unoentrecienmil pugui seguir investigant per a curar a tots els infants amb leuc\u00e8mia.\u00a0<\/span><\/p>\n<p><span style=\"font-weight: 400;\">Durant l&#8217;acte, on tamb\u00e9 van participar les fam\u00edlies, l&#8217;alumnat va sortir al pati a c\u00f3rrer per un circuit amb relleus preparat pels mestres d&#8217;educaci\u00f3 f\u00edsica.\u00a0<\/span><\/p>\n<p><span style=\"font-weight: 400;\">A l\u2019hora de la sortida vam poder berenar a recuperar forces a la paradeta que ens va posar l\u2019AFA.\u00a0<\/span><\/p>\n<p><span style=\"font-weight: 400;\">Els diners recollits de l&#8217;acte ja han estat estinats a la fundaci\u00f3 unoentrecienmil.org.<\/span><\/p>\n<p>Si voleu saber m\u00e9s sobre aquesta fundaci\u00f3 podeu visitar la seva web a : <a href=\"https:\/\/unoentrecienmil.org.\/\">https:\/\/unoentrecienmil.org.\/<\/a><\/p>\n<p>Per aqu\u00ed us deixem el video resum de la tarda !<\/p>\n<p><iframe loading=\"lazy\" title=\"YouTube video player\" src=\"\/\/www.youtube.com\/embed\/0A_sy_tzHwQ?si=8TJl3J_mYIX3rVCv\" width=\"560\" height=\"315\" frameborder=\"0\" allowfullscreen=\"allowfullscreen\"><\/iframe><\/p>\n<p>I aqu\u00ed la recopilaci\u00f3 de fotos:<\/p>\n<p><iframe loading=\"lazy\" title=\"YouTube video player\" src=\"\/\/www.youtube.com\/embed\/_vIz_79m0gQ?si=VcLrg5U_i3OrDqks\" width=\"560\" height=\"315\" frameborder=\"0\" allowfullscreen=\"allowfullscreen\"><\/iframe><\/p>\n<p>#vueltaalcoleunoentrecienmil<\/p>\n<p>Si voleu accedir a les fotos, cliqueu <a href=\"https:\/\/drive.google.com\/drive\/folders\/1-K4CNOQtSXqLhUggfQJ8mAOSXxJxAfs9?usp=sharing\">aqu\u00ed.<\/a><\/p>\n<p>&nbsp;<\/p>\n","protected":false},"excerpt":{"rendered":"<p>El 20 d\u2019octubre a la tarda vam participar junt amb l&#8217;AFA, de la 9\u00aa edici\u00f3 de La vuelta al cole &#8220;unoentrecienmil&#8221;.\u00a0<br \/>\nEs tracta d&#8217;un acte solidari per recaptar diners per a que la fundaci\u00f3 unoentrecienmil pugui seguir investigant per a curar a tots els infants amb&hellip;  <a href=\"https:\/\/agora.xtec.cat\/ceip-fontfreda\/general\/cursa-unoentrecienmil\/\" title=\"Read CURSA UNOENTRECIENMIL\">Llegeix m\u00e9s\u00bb<\/a><\/p>\n","protected":false},"author":13,"featured_media":10710,"comment_status":"open","ping_status":"closed","sticky":false,"template":"","format":"standard","meta":{"_bbp_topic_count":0,"_bbp_reply_count":0,"_bbp_total_topic_count":0,"_bbp_total_reply_count":0,"_bbp_voice_count":0,"_bbp_anonymous_reply_count":0,"_bbp_topic_count_hidden":0,"_bbp_reply_count_hidden":0,"_bbp_forum_subforum_count":0,"footnotes":""},"categories":[1,4],"tags":[91,159,158,95],"class_list":["post-10709","post","type-post","status-publish","format-standard","has-post-thumbnail","hentry","category-general","category-portada","tag-activitats","tag-afa","tag-families","tag-reptes-solidaris"],"post_mailing_queue_ids":[],"_links":{"self":[{"href":"https:\/\/agora.xtec.cat\/ceip-fontfreda\/wp-json\/wp\/v2\/posts\/10709","targetHints":{"allow":["GET"]}}],"collection":[{"href":"https:\/\/agora.xtec.cat\/ceip-fontfreda\/wp-json\/wp\/v2\/posts"}],"about":[{"href":"https:\/\/agora.xtec.cat\/ceip-fontfreda\/wp-json\/wp\/v2\/types\/post"}],"author":[{"embeddable":true,"href":"https:\/\/agora.xtec.cat\/ceip-fontfreda\/wp-json\/wp\/v2\/users\/13"}],"replies":[{"embeddable":true,"href":"https:\/\/agora.xtec.cat\/ceip-fontfreda\/wp-json\/wp\/v2\/comments?post=10709"}],"version-history":[{"count":2,"href":"https:\/\/agora.xtec.cat\/ceip-fontfreda\/wp-json\/wp\/v2\/posts\/10709\/revisions"}],"predecessor-version":[{"id":10712,"href":"https:\/\/agora.xtec.cat\/ceip-fontfreda\/wp-json\/wp\/v2\/posts\/10709\/revisions\/10712"}],"wp:featuredmedia":[{"embeddable":true,"href":"https:\/\/agora.xtec.cat\/ceip-fontfreda\/wp-json\/wp\/v2\/media\/10710"}],"wp:attachment":[{"href":"https:\/\/agora.xtec.cat\/ceip-fontfreda\/wp-json\/wp\/v2\/media?parent=10709"}],"wp:term":[{"taxonomy":"category","embeddable":true,"href":"https:\/\/agora.xtec.cat\/ceip-fontfreda\/wp-json\/wp\/v2\/categories?post=10709"},{"taxonomy":"post_tag","embeddable":true,"href":"https:\/\/agora.xtec.cat\/ceip-fontfreda\/wp-json\/wp\/v2\/tags?post=10709"}],"curies":[{"name":"wp","href":"https:\/\/api.w.org\/{rel}","templated":true}]}}