{"id":10705,"date":"2023-11-11T13:30:55","date_gmt":"2023-11-11T12:30:55","guid":{"rendered":"https:\/\/agora.xtec.cat\/ceip-fontfreda\/?p=10705"},"modified":"2023-11-11T13:32:44","modified_gmt":"2023-11-11T12:32:44","slug":"educacio-infantil-fem-panellets","status":"publish","type":"post","link":"https:\/\/agora.xtec.cat\/ceip-fontfreda\/infantil\/educacio-infantil-fem-panellets\/","title":{"rendered":"Educaci\u00f3 Infantil: Fem Panellets"},"content":{"rendered":"<p><a href=\"https:\/\/agora.xtec.cat\/ceip-fontfreda\/wp-content\/uploads\/usu813\/2023\/11\/panellets-tradicionales-1024x576-1.jpg\"><img loading=\"lazy\" decoding=\"async\" class=\"alignnone size-full wp-image-10706\" src=\"https:\/\/agora.xtec.cat\/ceip-fontfreda\/wp-content\/uploads\/usu813\/2023\/11\/panellets-tradicionales-1024x576-1.jpg\" alt=\"\" width=\"716\" height=\"403\" srcset=\"https:\/\/agora.xtec.cat\/ceip-fontfreda\/wp-content\/uploads\/usu813\/2023\/11\/panellets-tradicionales-1024x576-1.jpg 716w, https:\/\/agora.xtec.cat\/ceip-fontfreda\/wp-content\/uploads\/usu813\/2023\/11\/panellets-tradicionales-1024x576-1-300x169.jpg 300w\" sizes=\"auto, (max-width: 716px) 100vw, 716px\" \/><\/a><\/p>\n<p>Benvolgudes fam\u00edlies,<\/p>\n<p>Una tradici\u00f3 de la nostra escola en temps de tardor \u00e9s l&#8217;elaboraci\u00f3 de panellets!!<\/p>\n<p>Amb l&#8217;ajuda dels nostres padrins, l&#8217;alumnat d&#8217;infantil ha fet panellets d&#8217;all\u00f2 m\u00e9s bons!<\/p>\n<p>A continuaci\u00f3, disposeu d&#8217;un recull de fotografies de cada grup.<\/p>\n<p><a href=\"https:\/\/drive.google.com\/drive\/folders\/1_5SQiridJNljsPUBIOtF0wYOP-fAgzOr?usp=sharing\">Fem panellets<\/a><\/p>\n<p>Moltes gr\u00e0cies a les fam\u00edlies per la seva col\u00b7laboraci\u00f3!<\/p>\n<p>&nbsp;<\/p>\n<p>Les mestres d&#8217;infantil<\/p>\n","protected":false},"excerpt":{"rendered":"<p><a href=\"https:\/\/agora.xtec.cat\/ceip-fontfreda\/wp-content\/uploads\/usu813\/2023\/11\/panellets-tradicionales-1024x576-1.jpg\"><\/a><br \/>\nBenvolgudes fam\u00edlies,<br \/>\nUna tradici\u00f3 de la nostra escola en temps de tardor \u00e9s l&#8217;elaboraci\u00f3 de panellets!!<br \/>\nAmb l&#8217;ajuda dels nostres padrins, l&#8217;alumnat d&#8217;infantil ha fet panellets d&#8217;all\u00f2 m\u00e9s bons!<br \/>\nA continuaci\u00f3, disposeu d&#8217;un recull de fotografies de cada grup.<br \/>\n<a href=\"https:\/\/drive.google.com\/drive\/folders\/1_5SQiridJNljsPUBIOtF0wYOP-fAgzOr?usp=sharing\">Fem panellets<\/a><br \/>\nMoltes gr\u00e0cies a les fam\u00edlies per la&hellip;  <a href=\"https:\/\/agora.xtec.cat\/ceip-fontfreda\/infantil\/educacio-infantil-fem-panellets\/\" title=\"Read Educaci\u00f3 Infantil: Fem Panellets\">Llegeix m\u00e9s\u00bb<\/a><\/p>\n","protected":false},"author":53,"featured_media":0,"comment_status":"open","ping_status":"closed","sticky":false,"template":"","format":"standard","meta":{"_bbp_topic_count":0,"_bbp_reply_count":0,"_bbp_total_topic_count":0,"_bbp_total_reply_count":0,"_bbp_voice_count":0,"_bbp_anonymous_reply_count":0,"_bbp_topic_count_hidden":0,"_bbp_reply_count_hidden":0,"_bbp_forum_subforum_count":0,"footnotes":""},"categories":[3,8,9,2,4],"tags":[],"class_list":["post-10705","post","type-post","status-publish","format-standard","hentry","category-i3","category-i4","category-i5","category-infantil","category-portada"],"post_mailing_queue_ids":[],"_links":{"self":[{"href":"https:\/\/agora.xtec.cat\/ceip-fontfreda\/wp-json\/wp\/v2\/posts\/10705","targetHints":{"allow":["GET"]}}],"collection":[{"href":"https:\/\/agora.xtec.cat\/ceip-fontfreda\/wp-json\/wp\/v2\/posts"}],"about":[{"href":"https:\/\/agora.xtec.cat\/ceip-fontfreda\/wp-json\/wp\/v2\/types\/post"}],"author":[{"embeddable":true,"href":"https:\/\/agora.xtec.cat\/ceip-fontfreda\/wp-json\/wp\/v2\/users\/53"}],"replies":[{"embeddable":true,"href":"https:\/\/agora.xtec.cat\/ceip-fontfreda\/wp-json\/wp\/v2\/comments?post=10705"}],"version-history":[{"count":2,"href":"https:\/\/agora.xtec.cat\/ceip-fontfreda\/wp-json\/wp\/v2\/posts\/10705\/revisions"}],"predecessor-version":[{"id":10708,"href":"https:\/\/agora.xtec.cat\/ceip-fontfreda\/wp-json\/wp\/v2\/posts\/10705\/revisions\/10708"}],"wp:attachment":[{"href":"https:\/\/agora.xtec.cat\/ceip-fontfreda\/wp-json\/wp\/v2\/media?parent=10705"}],"wp:term":[{"taxonomy":"category","embeddable":true,"href":"https:\/\/agora.xtec.cat\/ceip-fontfreda\/wp-json\/wp\/v2\/categories?post=10705"},{"taxonomy":"post_tag","embeddable":true,"href":"https:\/\/agora.xtec.cat\/ceip-fontfreda\/wp-json\/wp\/v2\/tags?post=10705"}],"curies":[{"name":"wp","href":"https:\/\/api.w.org\/{rel}","templated":true}]}}