{"id":10692,"date":"2023-11-11T12:45:23","date_gmt":"2023-11-11T11:45:23","guid":{"rendered":"https:\/\/agora.xtec.cat\/ceip-fontfreda\/?p=10692"},"modified":"2023-11-11T12:46:20","modified_gmt":"2023-11-11T11:46:20","slug":"educacio-infantil-sortida-a-la-granja-de-can-sala","status":"publish","type":"post","link":"https:\/\/agora.xtec.cat\/ceip-fontfreda\/general\/educacio-infantil-sortida-a-la-granja-de-can-sala\/","title":{"rendered":"Educaci\u00f3 Infantil: Sortida a la Granja de Can Sala"},"content":{"rendered":"<p><a href=\"https:\/\/agora.xtec.cat\/ceip-fontfreda\/wp-content\/uploads\/usu813\/2023\/11\/cansala0-e1537176423220.jpg\"><img loading=\"lazy\" decoding=\"async\" class=\"alignnone wp-image-10694\" src=\"https:\/\/agora.xtec.cat\/ceip-fontfreda\/wp-content\/uploads\/usu813\/2023\/11\/cansala0-e1537176423220.jpg\" alt=\"\" width=\"587\" height=\"406\" srcset=\"https:\/\/agora.xtec.cat\/ceip-fontfreda\/wp-content\/uploads\/usu813\/2023\/11\/cansala0-e1537176423220.jpg 800w, https:\/\/agora.xtec.cat\/ceip-fontfreda\/wp-content\/uploads\/usu813\/2023\/11\/cansala0-e1537176423220-300x207.jpg 300w, https:\/\/agora.xtec.cat\/ceip-fontfreda\/wp-content\/uploads\/usu813\/2023\/11\/cansala0-e1537176423220-768x531.jpg 768w\" sizes=\"auto, (max-width: 587px) 100vw, 587px\" \/><\/a><\/p>\n<p>Benvolgudes fam\u00edlies,<\/p>\n<p>Dijous vam visitar la granja de Can Sala, a Montorn\u00e8s del Vall\u00e8s.<\/p>\n<p>Els nens i nenes d&#8217;infantil van tenir l&#8217;oportunitat de ser grangers per un dia i van poder con\u00e8ixer els animals d&#8217;aquesta granja: cavalls, cabres, gallines, oques, paons reials, estru\u00e7os, em\u00fas, conills,&#8230; Els van donar de menjar i, fins i tot, tocar! Va ser una gran experi\u00e8ncia per tots i totes!<\/p>\n<p>Al final de la visita vam munyir una vaca! Ens ho vam passar d&#8217;all\u00f2 m\u00e9s b\u00e9!!<\/p>\n<p>A continuaci\u00f3, teniu l&#8217;enlla\u00e7 per veure totes les fotografies.<\/p>\n<p><a href=\"https:\/\/drive.google.com\/drive\/folders\/16qJ4uHMk1-keVsn_x28XvNboxcsbRAX8?usp=sharing\">Granja Can Sala<\/a><\/p>\n<p>Moltes gr\u00e0cies<\/p>\n<p>&nbsp;<\/p>\n<p>Les mestres d&#8217;infantil<\/p>\n","protected":false},"excerpt":{"rendered":"<p><a href=\"https:\/\/agora.xtec.cat\/ceip-fontfreda\/wp-content\/uploads\/usu813\/2023\/11\/cansala0-e1537176423220.jpg\"><\/a><br \/>\nBenvolgudes fam\u00edlies,<br \/>\nDijous vam visitar la granja de Can Sala, a Montorn\u00e8s del Vall\u00e8s.<br \/>\nEls nens i nenes d&#8217;infantil van tenir l&#8217;oportunitat de ser grangers per un dia i van poder con\u00e8ixer els animals d&#8217;aquesta granja: cavalls, cabres, gallines, oques, paons reials, estru\u00e7os, em\u00fas, conills,&#8230; Els&hellip;  <a href=\"https:\/\/agora.xtec.cat\/ceip-fontfreda\/general\/educacio-infantil-sortida-a-la-granja-de-can-sala\/\" title=\"Read Educaci\u00f3 Infantil: Sortida a la Granja de Can Sala\">Llegeix m\u00e9s\u00bb<\/a><\/p>\n","protected":false},"author":53,"featured_media":10694,"comment_status":"open","ping_status":"closed","sticky":false,"template":"","format":"standard","meta":{"_bbp_topic_count":0,"_bbp_reply_count":0,"_bbp_total_topic_count":0,"_bbp_total_reply_count":0,"_bbp_voice_count":0,"_bbp_anonymous_reply_count":0,"_bbp_topic_count_hidden":0,"_bbp_reply_count_hidden":0,"_bbp_forum_subforum_count":0,"footnotes":""},"categories":[1,3,8,9,2,4],"tags":[],"class_list":["post-10692","post","type-post","status-publish","format-standard","has-post-thumbnail","hentry","category-general","category-i3","category-i4","category-i5","category-infantil","category-portada"],"post_mailing_queue_ids":[],"_links":{"self":[{"href":"https:\/\/agora.xtec.cat\/ceip-fontfreda\/wp-json\/wp\/v2\/posts\/10692","targetHints":{"allow":["GET"]}}],"collection":[{"href":"https:\/\/agora.xtec.cat\/ceip-fontfreda\/wp-json\/wp\/v2\/posts"}],"about":[{"href":"https:\/\/agora.xtec.cat\/ceip-fontfreda\/wp-json\/wp\/v2\/types\/post"}],"author":[{"embeddable":true,"href":"https:\/\/agora.xtec.cat\/ceip-fontfreda\/wp-json\/wp\/v2\/users\/53"}],"replies":[{"embeddable":true,"href":"https:\/\/agora.xtec.cat\/ceip-fontfreda\/wp-json\/wp\/v2\/comments?post=10692"}],"version-history":[{"count":4,"href":"https:\/\/agora.xtec.cat\/ceip-fontfreda\/wp-json\/wp\/v2\/posts\/10692\/revisions"}],"predecessor-version":[{"id":10699,"href":"https:\/\/agora.xtec.cat\/ceip-fontfreda\/wp-json\/wp\/v2\/posts\/10692\/revisions\/10699"}],"wp:featuredmedia":[{"embeddable":true,"href":"https:\/\/agora.xtec.cat\/ceip-fontfreda\/wp-json\/wp\/v2\/media\/10694"}],"wp:attachment":[{"href":"https:\/\/agora.xtec.cat\/ceip-fontfreda\/wp-json\/wp\/v2\/media?parent=10692"}],"wp:term":[{"taxonomy":"category","embeddable":true,"href":"https:\/\/agora.xtec.cat\/ceip-fontfreda\/wp-json\/wp\/v2\/categories?post=10692"},{"taxonomy":"post_tag","embeddable":true,"href":"https:\/\/agora.xtec.cat\/ceip-fontfreda\/wp-json\/wp\/v2\/tags?post=10692"}],"curies":[{"name":"wp","href":"https:\/\/api.w.org\/{rel}","templated":true}]}}