{"id":10634,"date":"2023-10-22T14:04:30","date_gmt":"2023-10-22T12:04:30","guid":{"rendered":"https:\/\/agora.xtec.cat\/ceip-fontfreda\/?p=10634"},"modified":"2023-10-23T20:01:53","modified_gmt":"2023-10-23T18:01:53","slug":"psicomotricitat-fem-ioga","status":"publish","type":"post","link":"https:\/\/agora.xtec.cat\/ceip-fontfreda\/general\/psicomotricitat-fem-ioga\/","title":{"rendered":"PSICOMOTRICITAT. FEM IOGA !"},"content":{"rendered":"<p><em>La classe dels <strong>peixos<\/strong> ha fet diferents sessions de psicomotricitat on han experimentat amb diferents materials, amb diferents propostes i a diferents espais, com al pati, a la pista, dins de l\u2019aula \u2026 Durant l&#8217;\u00faltima sessi\u00f3 hem apr\u00e9s a fer diferents postures d\u2019animals marins com la tortuga, l&#8217;estrella de mar, el taur\u00f3 &#8230;Hem gaudit molt i sobretot hem apr\u00e9s a relaxar-nos de manera divertida.\u00a0<\/em><\/p>\n<p><em>Durant l\u2019estona de psicomotricitat, correm, saltem, ballem, juguem amb diferents materials i a diferents propostes per\u00f2 sempre, sempre acabem amb relaxaci\u00f3 i en aquest cas, hem realitzat una sessi\u00f3 sencera de relaxaci\u00f3.<\/em><\/p>\n<p><em>Durant aquestes estones els infants, salten, corren, ballen, construeixen, experimenten amb el seu cos, proven els seus l\u00edmits i aprenen a relacionar-se d\u2019una manera sana i respectuosa amb ells mateixos i amb els altres. Quan acabem sempre ho fem amb relaxaci\u00f3 i en aquest cas, hem realitzat una sessi\u00f3 sencera de relaxaci\u00f3. L\u2019espai de psicomotricitat \u00e9s un espai segur on juguen, comparteixen material i\u00a0 on creem situacions d\u2019aprenentatge que ens serviran m\u00e9s endavant per fer front a la vida, per\u00f2 sobretot ens ho passem d\u2019all\u00f2 m\u00e9s b\u00e9!<\/em><\/p>\n<p><em>A continuaci\u00f3 deixo una foto de la sessi\u00f3 de ioga i l\u2019enlla\u00e7 per veure\u2019n m\u00e9s a la\u00a0<strong>carpeta del drive<\/strong>!<\/em><\/p>\n<p>&nbsp;<\/p>\n<p>&nbsp;<\/p>\n<p><a href=\"https:\/\/agora.xtec.cat\/ceip-fontfreda\/wp-content\/uploads\/usu813\/2023\/10\/IMG_20231016_121157-scaled.jpg\"><img loading=\"lazy\" decoding=\"async\" class=\"alignnone size-large wp-image-10635\" src=\"https:\/\/agora.xtec.cat\/ceip-fontfreda\/wp-content\/uploads\/usu813\/2023\/10\/IMG_20231016_121157-1024x768.jpg\" alt=\"\" width=\"1024\" height=\"768\" srcset=\"https:\/\/agora.xtec.cat\/ceip-fontfreda\/wp-content\/uploads\/usu813\/2023\/10\/IMG_20231016_121157-1024x768.jpg 1024w, https:\/\/agora.xtec.cat\/ceip-fontfreda\/wp-content\/uploads\/usu813\/2023\/10\/IMG_20231016_121157-300x225.jpg 300w, https:\/\/agora.xtec.cat\/ceip-fontfreda\/wp-content\/uploads\/usu813\/2023\/10\/IMG_20231016_121157-768x576.jpg 768w, https:\/\/agora.xtec.cat\/ceip-fontfreda\/wp-content\/uploads\/usu813\/2023\/10\/IMG_20231016_121157-1536x1152.jpg 1536w, https:\/\/agora.xtec.cat\/ceip-fontfreda\/wp-content\/uploads\/usu813\/2023\/10\/IMG_20231016_121157-2048x1536.jpg 2048w, https:\/\/agora.xtec.cat\/ceip-fontfreda\/wp-content\/uploads\/usu813\/2023\/10\/IMG_20231016_121157-200x150.jpg 200w\" sizes=\"auto, (max-width: 1024px) 100vw, 1024px\" \/><\/a><\/p>\n<p><a href=\"https:\/\/drive.google.com\/drive\/folders\/1PTEAX2rUkGT_Box5mXyxultx1WuK6Cd0?usp=sharing\" target=\"_blank\" rel=\"noopener\">https:\/\/drive.google.com\/drive\/folders\/1PTEAX2rUkGT_Box5mXyxultx1WuK6Cd0?usp=sharing<\/a><\/p>\n<p>Bona setmana fam\u00edlies!<\/p>\n","protected":false},"excerpt":{"rendered":"<p>La classe dels peixos ha fet diferents sessions de psicomotricitat on han experimentat amb diferents materials, amb diferents propostes i a diferents espais, com al pati, a la pista, dins de l\u2019aula \u2026 Durant l&#8217;\u00faltima sessi\u00f3 hem apr\u00e9s a fer diferents postures d\u2019animals marins com&hellip;  <a href=\"https:\/\/agora.xtec.cat\/ceip-fontfreda\/general\/psicomotricitat-fem-ioga\/\" title=\"Read PSICOMOTRICITAT. FEM IOGA !\">Llegeix m\u00e9s\u00bb<\/a><\/p>\n","protected":false},"author":1,"featured_media":10641,"comment_status":"open","ping_status":"closed","sticky":false,"template":"","format":"standard","meta":{"_bbp_topic_count":0,"_bbp_reply_count":0,"_bbp_total_topic_count":0,"_bbp_total_reply_count":0,"_bbp_voice_count":0,"_bbp_anonymous_reply_count":0,"_bbp_topic_count_hidden":0,"_bbp_reply_count_hidden":0,"_bbp_forum_subforum_count":0,"footnotes":""},"categories":[74,1,9,2,4],"tags":[126,52,18],"class_list":["post-10634","post","type-post","status-publish","format-standard","has-post-thumbnail","hentry","category-ef","category-general","category-i5","category-infantil","category-portada","tag-i5","tag-infantil","tag-psicomotricitat"],"post_mailing_queue_ids":[],"_links":{"self":[{"href":"https:\/\/agora.xtec.cat\/ceip-fontfreda\/wp-json\/wp\/v2\/posts\/10634","targetHints":{"allow":["GET"]}}],"collection":[{"href":"https:\/\/agora.xtec.cat\/ceip-fontfreda\/wp-json\/wp\/v2\/posts"}],"about":[{"href":"https:\/\/agora.xtec.cat\/ceip-fontfreda\/wp-json\/wp\/v2\/types\/post"}],"author":[{"embeddable":true,"href":"https:\/\/agora.xtec.cat\/ceip-fontfreda\/wp-json\/wp\/v2\/users\/1"}],"replies":[{"embeddable":true,"href":"https:\/\/agora.xtec.cat\/ceip-fontfreda\/wp-json\/wp\/v2\/comments?post=10634"}],"version-history":[{"count":2,"href":"https:\/\/agora.xtec.cat\/ceip-fontfreda\/wp-json\/wp\/v2\/posts\/10634\/revisions"}],"predecessor-version":[{"id":10645,"href":"https:\/\/agora.xtec.cat\/ceip-fontfreda\/wp-json\/wp\/v2\/posts\/10634\/revisions\/10645"}],"wp:featuredmedia":[{"embeddable":true,"href":"https:\/\/agora.xtec.cat\/ceip-fontfreda\/wp-json\/wp\/v2\/media\/10641"}],"wp:attachment":[{"href":"https:\/\/agora.xtec.cat\/ceip-fontfreda\/wp-json\/wp\/v2\/media?parent=10634"}],"wp:term":[{"taxonomy":"category","embeddable":true,"href":"https:\/\/agora.xtec.cat\/ceip-fontfreda\/wp-json\/wp\/v2\/categories?post=10634"},{"taxonomy":"post_tag","embeddable":true,"href":"https:\/\/agora.xtec.cat\/ceip-fontfreda\/wp-json\/wp\/v2\/tags?post=10634"}],"curies":[{"name":"wp","href":"https:\/\/api.w.org\/{rel}","templated":true}]}}