{"id":10627,"date":"2023-10-22T13:48:40","date_gmt":"2023-10-22T11:48:40","guid":{"rendered":"https:\/\/agora.xtec.cat\/ceip-fontfreda\/?p=10627"},"modified":"2023-10-23T19:58:41","modified_gmt":"2023-10-23T17:58:41","slug":"psicomotricitat-a-laire-lliure","status":"publish","type":"post","link":"https:\/\/agora.xtec.cat\/ceip-fontfreda\/general\/psicomotricitat-a-laire-lliure\/","title":{"rendered":"PSICOMOTRICITAT A L&#8217;AIRE LLIURE. I4A- TORTUGUES"},"content":{"rendered":"<p>La classe de les <strong>tortugues<\/strong> ha fet diferents sessions de psicomotricitat on han experimentat amb diferents materials, amb diferents propostes i a diferents espais, com al pati, a la pista, dins de l&#8217;aula &#8230;<\/p>\n<p>Durant aquestes estones els infants, salten, corren, ballen, construeixen, experimenten amb el seu cos, proven els seus l\u00edmits i aprenen a relacionar-se d&#8217;una manera sana i respectuosa amb ells mateixos i amb els altres. L&#8217;espai de psicomotricitat \u00e9s un espai segur on juguen, comparteixen material i\u00a0 on creem situacions d&#8217;aprenentatge que ens serviran m\u00e9s endavant per fer front a la vida, per\u00f2 sobretot ens ho passem d&#8217;all\u00f2 m\u00e9s b\u00e9!<\/p>\n<p>A continuaci\u00f3 us deixo una foto i l&#8217;enlla\u00e7 a la carpeta del drive amb totes les fotos que anir\u00e9 penjant!<\/p>\n<p><a href=\"https:\/\/agora.xtec.cat\/ceip-fontfreda\/wp-content\/uploads\/usu813\/2023\/10\/IMG-20231013-WA0015.jpg\"><img loading=\"lazy\" decoding=\"async\" class=\"alignnone size-large wp-image-10628\" src=\"https:\/\/agora.xtec.cat\/ceip-fontfreda\/wp-content\/uploads\/usu813\/2023\/10\/IMG-20231013-WA0015-1024x768.jpg\" alt=\"\" width=\"1024\" height=\"768\" srcset=\"https:\/\/agora.xtec.cat\/ceip-fontfreda\/wp-content\/uploads\/usu813\/2023\/10\/IMG-20231013-WA0015-1024x768.jpg 1024w, https:\/\/agora.xtec.cat\/ceip-fontfreda\/wp-content\/uploads\/usu813\/2023\/10\/IMG-20231013-WA0015-300x225.jpg 300w, https:\/\/agora.xtec.cat\/ceip-fontfreda\/wp-content\/uploads\/usu813\/2023\/10\/IMG-20231013-WA0015-768x576.jpg 768w, https:\/\/agora.xtec.cat\/ceip-fontfreda\/wp-content\/uploads\/usu813\/2023\/10\/IMG-20231013-WA0015-1536x1152.jpg 1536w, https:\/\/agora.xtec.cat\/ceip-fontfreda\/wp-content\/uploads\/usu813\/2023\/10\/IMG-20231013-WA0015-200x150.jpg 200w, https:\/\/agora.xtec.cat\/ceip-fontfreda\/wp-content\/uploads\/usu813\/2023\/10\/IMG-20231013-WA0015.jpg 2016w\" sizes=\"auto, (max-width: 1024px) 100vw, 1024px\" \/><\/a><\/p>\n<p><a href=\"https:\/\/drive.google.com\/drive\/folders\/1uQH0OxF3_jcO8gDZpq_Dp7O1xFMI1qGE?usp=sharing\" target=\"_blank\" rel=\"noopener\">https:\/\/drive.google.com\/drive\/folders\/1uQH0OxF3_jcO8gDZpq_Dp7O1xFMI1qGE?usp=sharing<\/a><\/p>\n<p><strong>Bona setmana fam\u00edlies!<\/strong><\/p>\n<p>Alba<\/p>\n","protected":false},"excerpt":{"rendered":"<p>La classe de les tortugues ha fet diferents sessions de psicomotricitat on han experimentat amb diferents materials, amb diferents propostes i a diferents espais, com al pati, a la pista, dins de l&#8217;aula &#8230;<br \/>\nDurant aquestes estones els infants, salten, corren, ballen, construeixen, experimenten amb el&hellip;  <a href=\"https:\/\/agora.xtec.cat\/ceip-fontfreda\/general\/psicomotricitat-a-laire-lliure\/\" title=\"Read PSICOMOTRICITAT A L&#8217;AIRE LLIURE. I4A- TORTUGUES\">Llegeix m\u00e9s\u00bb<\/a><\/p>\n","protected":false},"author":1,"featured_media":10642,"comment_status":"open","ping_status":"closed","sticky":false,"template":"","format":"standard","meta":{"_bbp_topic_count":0,"_bbp_reply_count":0,"_bbp_total_topic_count":0,"_bbp_total_reply_count":0,"_bbp_voice_count":0,"_bbp_anonymous_reply_count":0,"_bbp_topic_count_hidden":0,"_bbp_reply_count_hidden":0,"_bbp_forum_subforum_count":0,"footnotes":""},"categories":[74,1,8,2,4],"tags":[125,52,18],"class_list":["post-10627","post","type-post","status-publish","format-standard","has-post-thumbnail","hentry","category-ef","category-general","category-i4","category-infantil","category-portada","tag-i4","tag-infantil","tag-psicomotricitat"],"post_mailing_queue_ids":[],"_links":{"self":[{"href":"https:\/\/agora.xtec.cat\/ceip-fontfreda\/wp-json\/wp\/v2\/posts\/10627","targetHints":{"allow":["GET"]}}],"collection":[{"href":"https:\/\/agora.xtec.cat\/ceip-fontfreda\/wp-json\/wp\/v2\/posts"}],"about":[{"href":"https:\/\/agora.xtec.cat\/ceip-fontfreda\/wp-json\/wp\/v2\/types\/post"}],"author":[{"embeddable":true,"href":"https:\/\/agora.xtec.cat\/ceip-fontfreda\/wp-json\/wp\/v2\/users\/1"}],"replies":[{"embeddable":true,"href":"https:\/\/agora.xtec.cat\/ceip-fontfreda\/wp-json\/wp\/v2\/comments?post=10627"}],"version-history":[{"count":3,"href":"https:\/\/agora.xtec.cat\/ceip-fontfreda\/wp-json\/wp\/v2\/posts\/10627\/revisions"}],"predecessor-version":[{"id":10643,"href":"https:\/\/agora.xtec.cat\/ceip-fontfreda\/wp-json\/wp\/v2\/posts\/10627\/revisions\/10643"}],"wp:featuredmedia":[{"embeddable":true,"href":"https:\/\/agora.xtec.cat\/ceip-fontfreda\/wp-json\/wp\/v2\/media\/10642"}],"wp:attachment":[{"href":"https:\/\/agora.xtec.cat\/ceip-fontfreda\/wp-json\/wp\/v2\/media?parent=10627"}],"wp:term":[{"taxonomy":"category","embeddable":true,"href":"https:\/\/agora.xtec.cat\/ceip-fontfreda\/wp-json\/wp\/v2\/categories?post=10627"},{"taxonomy":"post_tag","embeddable":true,"href":"https:\/\/agora.xtec.cat\/ceip-fontfreda\/wp-json\/wp\/v2\/tags?post=10627"}],"curies":[{"name":"wp","href":"https:\/\/api.w.org\/{rel}","templated":true}]}}